{"id":6671,"date":"2017-09-12T17:17:42","date_gmt":"2017-09-12T15:17:42","guid":{"rendered":"http:\/\/www.thechicadvocate.com\/?p=6671"},"modified":"2026-07-09T09:09:39","modified_gmt":"2026-07-09T07:09:39","slug":"summer-vibes-floral-dress","status":"publish","type":"post","link":"https:\/\/www.thechicadvocate.com\/en\/summer-vibes-floral-dress\/","title":{"rendered":"Floral Dress and Summer Vibes"},"content":{"rendered":"<p><!-- inline-affiliate --><\/p>\n<p>Bevor ich mich in kuschlige Herbstoutfits h\u00fclle gibt es hier nochmals einbisschen Summerfeeling. Heute mit meinem h\u00fcbschen Blumenkleid. Farblich bereits ein Wegweiser in den Herbst wie ich finde.<\/p>\n<p>&nbsp;<\/p>\n<p><em>Meine Produktempfehlungen dazu findest du <a href=\"https:\/\/www.amazon.de\/s?k=Summer%20Vibes%20im%20Blumenkleid&#038;tag=thechicadvo04-21\" rel=\"sponsored noopener nofollow\" target=\"_blank\">auf Amazon<\/a>.<\/em><\/p>\n<p><img loading=\"lazy\" decoding=\"async\" class=\"aligncenter size-full wp-image-6674\" src=\"https:\/\/www.thechicadvocate.com\/wp-content\/uploads\/2017\/09\/Flower-Summer-Dress-Outfit-2-min.jpg\" alt=\"Flower Summer Dress Outfit\" width=\"4000\" height=\"6000\" srcset=\"https:\/\/www.thechicadvocate.com\/wp-content\/uploads\/2017\/09\/Flower-Summer-Dress-Outfit-2-min.jpg 2048w, https:\/\/www.thechicadvocate.com\/wp-content\/uploads\/2017\/09\/Flower-Summer-Dress-Outfit-2-min-200x300.jpg 200w, https:\/\/www.thechicadvocate.com\/wp-content\/uploads\/2017\/09\/Flower-Summer-Dress-Outfit-2-min-768x1152.jpg 768w, https:\/\/www.thechicadvocate.com\/wp-content\/uploads\/2017\/09\/Flower-Summer-Dress-Outfit-2-min-683x1024.jpg 683w, https:\/\/www.thechicadvocate.com\/wp-content\/uploads\/2017\/09\/Flower-Summer-Dress-Outfit-2-min-1080x1620.jpg 1080w\" sizes=\"auto, (max-width: 4000px) 100vw, 4000px\" \/><\/p>\n<p>&nbsp;<\/p>\n<p>Auch an lauen Herbsttagen l\u00e4sst sich durchaus noch ein Sommerkleid tragen, mit leichter Strickjacke und Feinstrumpfhose zum Beispiel. Blusen und T-Shirts trage ich ebenfalls auch gerne im Herbst mit einem Cardigan oder eine Strickjacke in Kombination. So begleiten uns unsere Lieblingsteile in die bunte Jahreszeit.<\/p>\n<p>&nbsp;<\/p>\n<p><img loading=\"lazy\" decoding=\"async\" class=\"aligncenter size-full wp-image-6677\" src=\"https:\/\/www.thechicadvocate.com\/wp-content\/uploads\/2017\/09\/Flower-Summer-Dress-Outfit-7-min.jpg\" alt=\"\" width=\"6000\" height=\"4000\" srcset=\"https:\/\/www.thechicadvocate.com\/wp-content\/uploads\/2017\/09\/Flower-Summer-Dress-Outfit-7-min.jpg 2048w, https:\/\/www.thechicadvocate.com\/wp-content\/uploads\/2017\/09\/Flower-Summer-Dress-Outfit-7-min-300x200.jpg 300w, https:\/\/www.thechicadvocate.com\/wp-content\/uploads\/2017\/09\/Flower-Summer-Dress-Outfit-7-min-768x512.jpg 768w, https:\/\/www.thechicadvocate.com\/wp-content\/uploads\/2017\/09\/Flower-Summer-Dress-Outfit-7-min-1024x683.jpg 1024w, https:\/\/www.thechicadvocate.com\/wp-content\/uploads\/2017\/09\/Flower-Summer-Dress-Outfit-7-min-1080x720.jpg 1080w\" sizes=\"auto, (max-width: 6000px) 100vw, 6000px\" \/><\/p>\n<p>&nbsp;<\/p>\n<p>Dieses h\u00fcbsche Kleid habe ich bei Zalando gekauft, es ist von der Marke New Look. Ich mag diese Marke sehr, da sie einerseits eine Linie f\u00fcr kleine Frauen f\u00fchren und aber auch allgemein da sie wirklich tolle und aktuelle Trendteile zu erschwinglichen Preisen bieten.<\/p>\n<p>&nbsp;<\/p>\n<p><img loading=\"lazy\" decoding=\"async\" class=\"aligncenter size-full wp-image-6675\" src=\"https:\/\/www.thechicadvocate.com\/wp-content\/uploads\/2017\/09\/Flower-Summer-Dress-Outfit-5-min.jpg\" alt=\"Flower Summer Dress Outfit, Fashion, Fashionblogger, Floral Print, ootd\" width=\"4000\" height=\"6000\" srcset=\"https:\/\/www.thechicadvocate.com\/wp-content\/uploads\/2017\/09\/Flower-Summer-Dress-Outfit-5-min.jpg 2048w, https:\/\/www.thechicadvocate.com\/wp-content\/uploads\/2017\/09\/Flower-Summer-Dress-Outfit-5-min-200x300.jpg 200w, https:\/\/www.thechicadvocate.com\/wp-content\/uploads\/2017\/09\/Flower-Summer-Dress-Outfit-5-min-768x1152.jpg 768w, https:\/\/www.thechicadvocate.com\/wp-content\/uploads\/2017\/09\/Flower-Summer-Dress-Outfit-5-min-683x1024.jpg 683w, https:\/\/www.thechicadvocate.com\/wp-content\/uploads\/2017\/09\/Flower-Summer-Dress-Outfit-5-min-1080x1620.jpg 1080w\" sizes=\"auto, (max-width: 4000px) 100vw, 4000px\" \/><\/p>\n<p>&nbsp;<\/p>\n<p>Die Schuhe besitze ich hingegen schon etwas l\u00e4nger, sie sind von La Redoute und meiner Meinung nach sehr zeitlos elegant. Daher trage ich sie immer gerne wieder.<\/p>\n<p>&nbsp;<\/p>\n<p><img loading=\"lazy\" decoding=\"async\" class=\"aligncenter wp-image-6679\" src=\"https:\/\/www.thechicadvocate.com\/wp-content\/uploads\/2017\/09\/Flower-Summer-Dress-Outfit-Schuhe-min.jpg\" alt=\"\" width=\"565\" height=\"848\" srcset=\"https:\/\/www.thechicadvocate.com\/wp-content\/uploads\/2017\/09\/Flower-Summer-Dress-Outfit-Schuhe-min.jpg 2048w, https:\/\/www.thechicadvocate.com\/wp-content\/uploads\/2017\/09\/Flower-Summer-Dress-Outfit-Schuhe-min-200x300.jpg 200w, https:\/\/www.thechicadvocate.com\/wp-content\/uploads\/2017\/09\/Flower-Summer-Dress-Outfit-Schuhe-min-768x1152.jpg 768w, https:\/\/www.thechicadvocate.com\/wp-content\/uploads\/2017\/09\/Flower-Summer-Dress-Outfit-Schuhe-min-683x1024.jpg 683w, https:\/\/www.thechicadvocate.com\/wp-content\/uploads\/2017\/09\/Flower-Summer-Dress-Outfit-Schuhe-min-1080x1620.jpg 1080w\" sizes=\"auto, (max-width: 565px) 100vw, 565px\" \/><\/p>\n<p>&nbsp;<\/p>\n<p>Mir gefallen zudem florale Prints \u00e4usserst gut, allerdings nicht alle. Manche stehen mir schlichtweg nicht. Kennt ihr dies? Jedenfalls freue ich mich bereits auf die kommenden Herbstfarben, das Rostrot dieses Kleides hat doch schon gewisse \u00c4hnlichkeiten mit der Farbe von Herbstlaub.<\/p>\n<p>&nbsp;<\/p>\n<p><img loading=\"lazy\" decoding=\"async\" class=\"aligncenter size-full wp-image-6678\" src=\"https:\/\/www.thechicadvocate.com\/wp-content\/uploads\/2017\/09\/Flower-Summer-Dress-Outfit-8-min.jpg\" alt=\"\" width=\"6000\" height=\"4000\" srcset=\"https:\/\/www.thechicadvocate.com\/wp-content\/uploads\/2017\/09\/Flower-Summer-Dress-Outfit-8-min.jpg 2048w, https:\/\/www.thechicadvocate.com\/wp-content\/uploads\/2017\/09\/Flower-Summer-Dress-Outfit-8-min-300x200.jpg 300w, https:\/\/www.thechicadvocate.com\/wp-content\/uploads\/2017\/09\/Flower-Summer-Dress-Outfit-8-min-768x512.jpg 768w, https:\/\/www.thechicadvocate.com\/wp-content\/uploads\/2017\/09\/Flower-Summer-Dress-Outfit-8-min-1024x683.jpg 1024w, https:\/\/www.thechicadvocate.com\/wp-content\/uploads\/2017\/09\/Flower-Summer-Dress-Outfit-8-min-1080x720.jpg 1080w\" sizes=\"auto, (max-width: 6000px) 100vw, 6000px\" \/><\/p>\n<p>&nbsp;<\/p>\n<p>Dieser Sommer war f\u00fcr mich pers\u00f6nlich sehr ereignisreich, ich bin f\u00fcr den Blog herumgereist und habe viel Neues entdeckt und gelernt. Meine Website hat ein neues Design und einen neuen Namen bekommen. Dies ist auch der Grund warum ich es in den letzten Wochen eher langsam angegangen bin, ich musste mal wieder einen Gang zur\u00fcck schalten. Es ist weder n\u00f6tig noch m\u00f6glich immer und \u00fcberall dabei zu sein. Lieber konzentriere ich mich auf die Dinge, die mir wirklich am Herzen liegen. Auch in Zukunft wird es f\u00fcr mich jedenfalls sehr wichtig sein die Priorit\u00e4ten klar festzulegen. Ich denke diese Phasen der Ver\u00e4nderung kennen wir alle.<\/p>\n<p>&nbsp;<\/p>\n<p><img loading=\"lazy\" decoding=\"async\" class=\"aligncenter size-full wp-image-6676\" src=\"https:\/\/www.thechicadvocate.com\/wp-content\/uploads\/2017\/09\/Flower-Summer-Dress-Outfit-6-min.jpg\" alt=\"\" width=\"3078\" height=\"4244\" srcset=\"https:\/\/www.thechicadvocate.com\/wp-content\/uploads\/2017\/09\/Flower-Summer-Dress-Outfit-6-min.jpg 3078w, https:\/\/www.thechicadvocate.com\/wp-content\/uploads\/2017\/09\/Flower-Summer-Dress-Outfit-6-min-218x300.jpg 218w, https:\/\/www.thechicadvocate.com\/wp-content\/uploads\/2017\/09\/Flower-Summer-Dress-Outfit-6-min-768x1059.jpg 768w, https:\/\/www.thechicadvocate.com\/wp-content\/uploads\/2017\/09\/Flower-Summer-Dress-Outfit-6-min-743x1024.jpg 743w, https:\/\/www.thechicadvocate.com\/wp-content\/uploads\/2017\/09\/Flower-Summer-Dress-Outfit-6-min-1080x1489.jpg 1080w\" sizes=\"auto, (max-width: 3078px) 100vw, 3078px\" \/><\/p>\n<p>&nbsp;<\/p>\n<p>Tragt ihr gerne Blumenkleider? Oder m\u00f6gt ihr den Print nicht?<\/p>\n<p>&nbsp;<\/p>\n<p><img loading=\"lazy\" decoding=\"async\" class=\"aligncenter size-full wp-image-6672\" src=\"https:\/\/www.thechicadvocate.com\/wp-content\/uploads\/2017\/09\/Flower-Summer-Dress-Outfit-4-min.jpg\" alt=\"\" width=\"6000\" height=\"4000\" srcset=\"https:\/\/www.thechicadvocate.com\/wp-content\/uploads\/2017\/09\/Flower-Summer-Dress-Outfit-4-min.jpg 2048w, https:\/\/www.thechicadvocate.com\/wp-content\/uploads\/2017\/09\/Flower-Summer-Dress-Outfit-4-min-300x200.jpg 300w, https:\/\/www.thechicadvocate.com\/wp-content\/uploads\/2017\/09\/Flower-Summer-Dress-Outfit-4-min-768x512.jpg 768w, https:\/\/www.thechicadvocate.com\/wp-content\/uploads\/2017\/09\/Flower-Summer-Dress-Outfit-4-min-1024x683.jpg 1024w, https:\/\/www.thechicadvocate.com\/wp-content\/uploads\/2017\/09\/Flower-Summer-Dress-Outfit-4-min-1080x720.jpg 1080w\" sizes=\"auto, (max-width: 6000px) 100vw, 6000px\" \/><\/p>\n<p>&nbsp;<\/p>\n<p><span style=\"border-top-left-radius: 2px; border-top-right-radius: 2px; border-bottom-right-radius: 2px; border-bottom-left-radius: 2px; text-indent: 20px; width: auto; padding: 0px 4px 0px 0px; text-align: center; font-style: normal; font-variant-caps: normal; font-weight: bold; font-size: 11px; line-height: 20px; font-family: 'Helvetica Neue', Helvetica, sans-serif; color: #ffffff; background-image: url(data:image\/svg+xml; base64,phn2zyb4bwxucz0iahr0cdovl3d3dy53my5vcmcvmjawmc9zdmciighlawdodd0imzbwecigd2lkdgg9ijmwchgiihzpzxdcb3g9ii0xic0xidmxidmxij48zz48cgf0acbkpsjnmjkundq5lde0ljy2mibdmjkundq5ldiyljcymiaymi44njgsmjkumju2ide0ljc1ldi5lji1nibdni42mzismjkumju2idaumduxldiyljcymiawlja1mswxnc42njigqzaumduxldyunjaxidyunjmyldaumdy3ide0ljc1ldaumdy3iemymi44njgsmc4wnjcgmjkundq5ldyunjaxidi5ljq0oswxnc42njiiigzpbgw9iinmzmyiihn0cm9rzt0ii2zmziigc3ryb2tllxdpzhropsixij48l3bhdgg+phbhdgggzd0itte0ljczmywxljy4nibdny41mtysms42odygms42njusny40otugms42njusmtqunjyyiemxljy2nswymc4xntkgns4xmdksmjquodu0idkuotcsmjyunzq0iem5ljg1niwyns43mtggos43ntmsmjqumtqzidewljaxniwymy4wmjigqzewlji1mywymi4wmsaxms41ndgsmtyuntcyidexlju0ocwxni41nzigqzexlju0ocwxni41nzigmteumtu3lde1ljc5nsaxms4xntcsmtqunjq2iemxms4xntcsmtiuodqyideyljixmswxms40otugmtmuntiyldexljq5nsbdmtqunjm3ldexljq5nsaxns4xnzusmtiumzi2ide1lje3nswxmy4zmjmgqze1lje3nswxnc40mzygmtqundyylde2ljegmtqumdkzlde3ljy0mybdmtmunzg1lde4ljkznsaxnc43ndusmtkuotg4ide2ljayocwxos45odggqze4ljm1mswxos45odggmjaumtm2lde3lju1niaymc4xmzysmtqumdq2iemymc4xmzysmtauotm5ide3ljg4ocw4ljc2nyaxnc42nzgsoc43njcgqzewljk1osw4ljc2nya4ljc3nywxms41mzygoc43nzcsmtqumzk4iem4ljc3nywxns41mtmgos4ymswxni43mdkgos43ndksmtcumzu5iem5ljg1niwxny40odggos44nzismtcunia5ljg0lde3ljczmsbdos43ndesmtgumtqxidkuntismtkumdizidkundc3lde5ljiwmybdos40miwxos40nca5lji4ocwxos40otegos4wncwxos4znzygqzcunda4lde4ljyymia2ljm4nywxni4yntigni4zodcsmtqumzq5iem2ljm4nywxmc4yntygos4zodmsni40otcgmtuumdiyldyundk3iemxos41ntusni40otcgmjmumdc4ldkunza1idizlja3ocwxmy45otegqzizlja3ocwxoc40njmgmjaumjm5ldiylja2miaxni4yotcsmjiumdyyiemxnc45nzmsmjiumdyyidezljcyocwyms4znzkgmtmumzayldiwlju3mibdmtmumzayldiwlju3miaxmi42ndcsmjmumdugmtiundg4ldizljy1nybdmtiumtkzldi0ljc4ncaxms4zotysmjyumtk2idewljg2mywyny4wntggqzeylja4niwyny40mzqgmtmumzg2ldi3ljyznyaxnc43mzmsmjcunjm3iemyms45nswyny42mzcgmjcuodaxldixljgyocayny44mdesmtqunjyyiemyny44mdesny40otugmjeuotusms42odygmtqunzmzldeunjg2iibmawxspsijymqwodfjij48l3bhdgg+pc9npjwvc3znpg==); background-size: 14px 14px; background-color: #bd081c; position: absolute; opacity: 1; z-index: 8675309; display: none; cursor: pointer; border: none; -webkit-font-smoothing: antialiased; background-position: 3px 50%; background-repeat: no-repeat no-repeat;\">Merken<\/span><span style=\"border-top-left-radius: 2px; border-top-right-radius: 2px; border-bottom-right-radius: 2px; border-bottom-left-radius: 2px; text-indent: 20px; width: auto; padding: 0px 4px 0px 0px; text-align: center; font-style: normal; font-variant-caps: normal; font-weight: bold; font-size: 11px; line-height: 20px; font-family: 'Helvetica Neue', Helvetica, sans-serif; color: #ffffff; background-image: url(data:image\/svg+xml; base64,phn2zyb4bwxucz0iahr0cdovl3d3dy53my5vcmcvmjawmc9zdmciighlawdodd0imzbwecigd2lkdgg9ijmwchgiihzpzxdcb3g9ii0xic0xidmxidmxij48zz48cgf0acbkpsjnmjkundq5lde0ljy2mibdmjkundq5ldiyljcymiaymi44njgsmjkumju2ide0ljc1ldi5lji1nibdni42mzismjkumju2idaumduxldiyljcymiawlja1mswxnc42njigqzaumduxldyunjaxidyunjmyldaumdy3ide0ljc1ldaumdy3iemymi44njgsmc4wnjcgmjkundq5ldyunjaxidi5ljq0oswxnc42njiiigzpbgw9iinmzmyiihn0cm9rzt0ii2zmziigc3ryb2tllxdpzhropsixij48l3bhdgg+phbhdgggzd0itte0ljczmywxljy4nibdny41mtysms42odygms42njusny40otugms42njusmtqunjyyiemxljy2nswymc4xntkgns4xmdksmjquodu0idkuotcsmjyunzq0iem5ljg1niwyns43mtggos43ntmsmjqumtqzidewljaxniwymy4wmjigqzewlji1mywymi4wmsaxms41ndgsmtyuntcyidexlju0ocwxni41nzigqzexlju0ocwxni41nzigmteumtu3lde1ljc5nsaxms4xntcsmtqunjq2iemxms4xntcsmtiuodqyideyljixmswxms40otugmtmuntiyldexljq5nsbdmtqunjm3ldexljq5nsaxns4xnzusmtiumzi2ide1lje3nswxmy4zmjmgqze1lje3nswxnc40mzygmtqundyylde2ljegmtqumdkzlde3ljy0mybdmtmunzg1lde4ljkznsaxnc43ndusmtkuotg4ide2ljayocwxos45odggqze4ljm1mswxos45odggmjaumtm2lde3lju1niaymc4xmzysmtqumdq2iemymc4xmzysmtauotm5ide3ljg4ocw4ljc2nyaxnc42nzgsoc43njcgqzewljk1osw4ljc2nya4ljc3nywxms41mzygoc43nzcsmtqumzk4iem4ljc3nywxns41mtmgos4ymswxni43mdkgos43ndksmtcumzu5iem5ljg1niwxny40odggos44nzismtcunia5ljg0lde3ljczmsbdos43ndesmtgumtqxidkuntismtkumdizidkundc3lde5ljiwmybdos40miwxos40nca5lji4ocwxos40otegos4wncwxos4znzygqzcunda4lde4ljyymia2ljm4nywxni4yntigni4zodcsmtqumzq5iem2ljm4nywxmc4yntygos4zodmsni40otcgmtuumdiyldyundk3iemxos41ntusni40otcgmjmumdc4ldkunza1idizlja3ocwxmy45otegqzizlja3ocwxoc40njmgmjaumjm5ldiylja2miaxni4yotcsmjiumdyyiemxnc45nzmsmjiumdyyidezljcyocwyms4znzkgmtmumzayldiwlju3mibdmtmumzayldiwlju3miaxmi42ndcsmjmumdugmtiundg4ldizljy1nybdmtiumtkzldi0ljc4ncaxms4zotysmjyumtk2idewljg2mywyny4wntggqzeylja4niwyny40mzqgmtmumzg2ldi3ljyznyaxnc43mzmsmjcunjm3iemyms45nswyny42mzcgmjcuodaxldixljgyocayny44mdesmtqunjyyiemyny44mdesny40otugmjeuotusms42odygmtqunzmzldeunjg2iibmawxspsijymqwodfjij48l3bhdgg+pc9npjwvc3znpg==); background-size: 14px 14px; background-color: #bd081c; position: absolute; opacity: 1; z-index: 8675309; display: none; cursor: pointer; border: none; -webkit-font-smoothing: antialiased; background-position: 3px 50%; background-repeat: no-repeat no-repeat;\">Merken<\/span><\/p>\n<p><!-- affiliate-block --><\/p>\n<div class=\"affiliate-booking-box\" style=\"background:#faf9f7;padding:20px;border-left:4px solid #c4a577;margin:30px 0;border-radius:4px;\">\n<h3 style=\"margin-top:0;color:#2c2c2c;\">\ud83d\udecd\ufe0f Empfehlungen<\/h3>\n<p><a href=\"https:\/\/www.amazon.de\/s?k=Summer%20Vibes%20im%20Blumenkleid&#038;tag=thechicadvo04-21\" rel=\"sponsored noopener nofollow\" target=\"_blank\" style=\"background:#ff9900;color:#fff;padding:10px 18px;border-radius:4px;text-decoration:none;display:inline-block;\">\ud83d\uded2 Auf Amazon entdecken<\/a><\/p>\n<p style=\"font-size:12px;color:#888;margin-bottom:0;\">*Affiliate-Link<\/p>\n<\/div>\n","protected":false},"excerpt":{"rendered":"<p>Bevor ich mich in kuschlige Herbstoutfits h\u00fclle gibt es hier nochmals einbisschen&#8230;<\/p>\n","protected":false},"author":1,"featured_media":6672,"comment_status":"open","ping_status":"open","sticky":false,"template":"","format":"standard","meta":{"_kad_post_transparent":"","_kad_post_title":"","_kad_post_layout":"","_kad_post_sidebar_id":"","_kad_post_content_style":"","_kad_post_vertical_padding":"","_kad_post_feature":"","_kad_post_feature_position":"","_kad_post_header":false,"_kad_post_footer":false,"_kad_post_classname":"","footnotes":""},"categories":[7,107],"tags":[147,282,1218,1217,374],"class_list":["post-6671","post","type-post","status-publish","format-standard","has-post-thumbnail","hentry","category-fashion","category-outfits","tag-fashion","tag-fashionblogger","tag-floral-print","tag-flower-summer-dress-outfit","tag-ootd"],"_links":{"self":[{"href":"https:\/\/www.thechicadvocate.com\/en\/wp-json\/wp\/v2\/posts\/6671","targetHints":{"allow":["GET"]}}],"collection":[{"href":"https:\/\/www.thechicadvocate.com\/en\/wp-json\/wp\/v2\/posts"}],"about":[{"href":"https:\/\/www.thechicadvocate.com\/en\/wp-json\/wp\/v2\/types\/post"}],"author":[{"embeddable":true,"href":"https:\/\/www.thechicadvocate.com\/en\/wp-json\/wp\/v2\/users\/1"}],"replies":[{"embeddable":true,"href":"https:\/\/www.thechicadvocate.com\/en\/wp-json\/wp\/v2\/comments?post=6671"}],"version-history":[{"count":3,"href":"https:\/\/www.thechicadvocate.com\/en\/wp-json\/wp\/v2\/posts\/6671\/revisions"}],"predecessor-version":[{"id":190910,"href":"https:\/\/www.thechicadvocate.com\/en\/wp-json\/wp\/v2\/posts\/6671\/revisions\/190910"}],"wp:featuredmedia":[{"embeddable":true,"href":"https:\/\/www.thechicadvocate.com\/en\/wp-json\/wp\/v2\/media\/6672"}],"wp:attachment":[{"href":"https:\/\/www.thechicadvocate.com\/en\/wp-json\/wp\/v2\/media?parent=6671"}],"wp:term":[{"taxonomy":"category","embeddable":true,"href":"https:\/\/www.thechicadvocate.com\/en\/wp-json\/wp\/v2\/categories?post=6671"},{"taxonomy":"post_tag","embeddable":true,"href":"https:\/\/www.thechicadvocate.com\/en\/wp-json\/wp\/v2\/tags?post=6671"}],"curies":[{"name":"wp","href":"https:\/\/api.w.org\/{rel}","templated":true}]}}