{"id":34028,"date":"2019-07-12T17:07:45","date_gmt":"2019-07-12T15:07:45","guid":{"rendered":"https:\/\/www.thechicadvocate.com\/?p=34028"},"modified":"2026-07-07T14:37:04","modified_gmt":"2026-07-07T12:37:04","slug":"sonnenpflege-von-sisley-paris-fuer-haut-und-haar","status":"publish","type":"post","link":"https:\/\/www.thechicadvocate.com\/en\/sonnenpflege-von-sisley-paris-fuer-haut-und-haar\/","title":{"rendered":"Sun care for the skin and hair by Sisley Paris"},"content":{"rendered":"<p><em><strong>enth\u00e4lt PR-Samples<\/strong><\/em><\/p>\n<p>&nbsp;<\/p>\n<p><img loading=\"lazy\" decoding=\"async\" width=\"1365\" height=\"2048\" class=\"aligncenter size-full wp-image-34030\" src=\"https:\/\/www.thechicadvocate.com\/wp-content\/uploads\/2019\/07\/DSC_0394-2.jpg\" alt=\"Sisley Sonnenschutz\" srcset=\"https:\/\/www.thechicadvocate.com\/wp-content\/uploads\/2019\/07\/DSC_0394-2.jpg 1365w, https:\/\/www.thechicadvocate.com\/wp-content\/uploads\/2019\/07\/DSC_0394-2-300x450.jpg 300w, https:\/\/www.thechicadvocate.com\/wp-content\/uploads\/2019\/07\/DSC_0394-2-800x1200.jpg 800w\" sizes=\"auto, (max-width: 1365px) 100vw, 1365px\" \/><\/p>\n<p>&nbsp;<\/p>\n<p>Der Sommer ist noch in vollem Gange &#8211; auch trotz Abk\u00fchlung zwischendurch &#8211; bei vielen steht der grosse Sommerurlaub wie bei mir noch bevor. Nicht verzichten kann man dabei auf gute Sonnenschutzprodukte, wie die von Sisley. Heute m\u00f6chte ich euch die neuen Sonnenschutzprodukte von Sisley f\u00fcr Haut und Haar etwas genauer vorstellen.<\/p>\n<p>&nbsp;<\/p>\n<p><img loading=\"lazy\" decoding=\"async\" width=\"2048\" height=\"1365\" class=\"aligncenter size-full wp-image-34033\" src=\"https:\/\/www.thechicadvocate.com\/wp-content\/uploads\/2019\/07\/DSC_0426-2.jpg\" alt=\"Sisley Sonnenschutz\" srcset=\"https:\/\/www.thechicadvocate.com\/wp-content\/uploads\/2019\/07\/DSC_0426-2.jpg 2048w, https:\/\/www.thechicadvocate.com\/wp-content\/uploads\/2019\/07\/DSC_0426-2-300x200.jpg 300w, https:\/\/www.thechicadvocate.com\/wp-content\/uploads\/2019\/07\/DSC_0426-2-1440x960.jpg 1440w, https:\/\/www.thechicadvocate.com\/wp-content\/uploads\/2019\/07\/DSC_0426-2-800x533.jpg 800w\" sizes=\"auto, (max-width: 2048px) 100vw, 2048px\" \/><\/p>\n<p>&nbsp;<\/p>\n<p>Wer auf hochwertige Kosmetika setzt, kommt an Sisley nicht vorbei. Mit wirkungsvollen Inhaltsstoffen schafft es Sisley immer wieder mich von neuem zu begeistern. So auch mit den neuen Sonnenschutzprodukten. Getestet habe ich die Sunle\u00ffa G.E. Soin Solaire Global Anti-\u00c2ge SPF 50+, den Super Stick Solaire Teint\u00e9 SPF 50+ und den le Fluide Protecteur Cheveux von hair rituel by Sisley.<\/p>\n<p>&nbsp;<\/p>\n<p><img loading=\"lazy\" decoding=\"async\" width=\"1365\" height=\"2048\" class=\"aligncenter size-full wp-image-34032\" src=\"https:\/\/www.thechicadvocate.com\/wp-content\/uploads\/2019\/07\/DSC_0417-2.jpg\" alt=\"Sisley Sunle\u00ffa G.E. Soin Solaire Global Anti-\u00c2ge SPF 50+\" srcset=\"https:\/\/www.thechicadvocate.com\/wp-content\/uploads\/2019\/07\/DSC_0417-2.jpg 1365w, https:\/\/www.thechicadvocate.com\/wp-content\/uploads\/2019\/07\/DSC_0417-2-300x450.jpg 300w, https:\/\/www.thechicadvocate.com\/wp-content\/uploads\/2019\/07\/DSC_0417-2-800x1200.jpg 800w\" sizes=\"auto, (max-width: 1365px) 100vw, 1365px\" \/><\/p>\n<p>&nbsp;<\/p>\n<p>Die Sisley Sunle\u00ffa G.E. Soin Solaire Global Anti-\u00c2ge SPF 50+ Sonnenschutzpflege sch\u00fctzt vor den negativen Einfl\u00fcsse der Sonnenstrahlung. Dabei sch\u00fctzt sie die Haut vor Alterserscheinungen wie Falten, Pigmentflecken, Feuchtigkeitsmangel und nachlassender Festigkeit. Ausserdem verleiht die Pflege eine leuchtende, langanhaltende Br\u00e4une. Die Anti-Aging-Wirkung gelingt ihr dank folgenden Inhaltsstoffen: Aktivstoff zur Hemmung der Glykation, Aktivstoff gegen sonnenbedingte Elastose, Verbindung von Antioxidantien und Schutz der Zell-DNA. Der Schutz vor UVA- und UVB-Strahlen wurde optimiert durch eine Kombination von Hightech-Sonnenfiltern der neusten Generation. Die Textur ist sehr zart und l\u00e4sst sich wunderbar auftragen, ohne weisses Finish und Kleben. Sie ist nicht komedogen und wasserbest\u00e4ndig. Wichtig ist es aber trotzdem den Schutz beim Sonnenbaden alle 2 Stunden zu erneuern.<\/p>\n<p>&nbsp;<\/p>\n<p><img loading=\"lazy\" decoding=\"async\" width=\"2048\" height=\"1365\" class=\"aligncenter size-full wp-image-34029\" src=\"https:\/\/www.thechicadvocate.com\/wp-content\/uploads\/2019\/07\/DSC_0420-2.jpg\" alt=\"Sisley Super Stick Solaire Teint\u00e9 SPF 50+ mit Pro-Youthing-Wirkung\" srcset=\"https:\/\/www.thechicadvocate.com\/wp-content\/uploads\/2019\/07\/DSC_0420-2.jpg 2048w, https:\/\/www.thechicadvocate.com\/wp-content\/uploads\/2019\/07\/DSC_0420-2-300x200.jpg 300w, https:\/\/www.thechicadvocate.com\/wp-content\/uploads\/2019\/07\/DSC_0420-2-1440x960.jpg 1440w, https:\/\/www.thechicadvocate.com\/wp-content\/uploads\/2019\/07\/DSC_0420-2-800x533.jpg 800w\" sizes=\"auto, (max-width: 2048px) 100vw, 2048px\" \/><\/p>\n<p>&nbsp;<\/p>\n<p>Mein pers\u00f6nliches Highlight ist der Sisley Super Stick Solaire Teint\u00e9 SPF 50+ mit Pro-Youthing-Wirkung. Er ist so einfach und zuverl\u00e4ssig in der Anwendung. Ein Komplex mit leistungsstarken mineralischen Filtern der neusten Generation sorgt daf\u00fcr, dass auch die empfindlichen Zonen des Gesichts (Nase, Lippen, Wangen, Ohren, Augenkonturen) perfekt gesch\u00fctzt sind. Der Stick ist insbesondere an heissen Sommertagen der perfekte Ersatz f\u00fcr Foundation und Co. Denn die universelle beige Nuance des Sticks passt sich der Hautfarbe wunderbar an. Tags\u00fcber l\u00e4sst sich der Stick auch jederzeit wieder neu auftragen. Die Textur verbindet sich wunderbar mit der Haut und f\u00fchlt sich sehr angenehm an auf der Haut. Das enthaltene \u00d6l der Weissen Lupine sowie das konzentrierte Weizenkeim\u00f6l <span class=\"effect\">sch\u00fctzen die Haut vor freien Radikalen und unterst\u00fctzen sie dabei, die Integrit\u00e4t der Zell-DNA zu erhalten. Kamelien-\u00d6l <\/span><span class=\"effect\">verf\u00fcgt \u00fcber restrukturierende, geschmeidig pflegende und hydratisierende Eigenschaften, versorgt die Haut mit N\u00e4hrstoffen. Die Haut pflegen sodann Vitamin-E-Acetat, Karit\u00e9-\u00d6l und Mango-Butter. Der Stick ist sodann wasser- und transpirationsbest\u00e4ndig.<\/span><\/p>\n<p>&nbsp;<\/p>\n<p><img loading=\"lazy\" decoding=\"async\" width=\"2048\" height=\"1365\" class=\"aligncenter size-full wp-image-34031\" src=\"https:\/\/www.thechicadvocate.com\/wp-content\/uploads\/2019\/07\/DSC_0415-2.jpg\" alt=\"le fluid soleil hair rituel sisley paris\" srcset=\"https:\/\/www.thechicadvocate.com\/wp-content\/uploads\/2019\/07\/DSC_0415-2.jpg 2048w, https:\/\/www.thechicadvocate.com\/wp-content\/uploads\/2019\/07\/DSC_0415-2-300x200.jpg 300w, https:\/\/www.thechicadvocate.com\/wp-content\/uploads\/2019\/07\/DSC_0415-2-1440x960.jpg 1440w, https:\/\/www.thechicadvocate.com\/wp-content\/uploads\/2019\/07\/DSC_0415-2-800x533.jpg 800w\" sizes=\"auto, (max-width: 2048px) 100vw, 2048px\" \/><\/p>\n<p>&nbsp;<\/p>\n<p>Le Fluide Protecteur Cheveux von Hair rituel by Sisley bildet einen sch\u00fctzenden Film, der das Haar vor Belastungen durch Sonne, Meer- und gechlortes Wasser abschirmt. Insbesondere seitdem ich meine Haare wieder heller trage, ist die richtige Pflege essentiell daf\u00fcr, ob meine Haare sch\u00f6n gepflegt und gl\u00e4nzend aussehen oder stumpf, matt und strohig. Gerade in den sonnigen Monaten und im Urlaub setzen die Umwelteinfl\u00fcsse den Haaren besonders zu. Da ist es wichtig auch bei den Haaren an Sonnenschutz zu denken. Die Formel enth\u00e4lt ausserdem zwei Sonnenfilter, die optimal vor UVA- und UVB-Strahlen sch\u00fctzen. So bleibt die nat\u00fcrliche Haarfarbe erhalten, ebenso die von gef\u00e4rbtem, entf\u00e4rbtem und gestr\u00e4hntem Haar &#8211; meine Balayage ist safe. Zum Auftragen wird es einfach auf das trockene oder nasse Haar aufgespr\u00fcht. Ein leichter, seidiger Spr\u00fchnebel parf\u00fcmiert das Haar dezent mit hesperidischen und holzigen Noten wie Verbene, Zitrone, Pfirsichbl\u00fcten und Amber. Und die Haare f\u00fchlen sich auch nach dem Chlorwasser und Sonnenschein noch weich und gepflegt an.<\/p>\n<p><!-- affiliate-block --><\/p>\n<div class=\"affiliate-booking-box\" style=\"background:#faf9f7;padding:20px;border-left:4px solid #c4a577;margin:30px 0;border-radius:4px;\">\n<h3 style=\"margin-top:0;color:#2c2c2c;\">\ud83d\udecd\ufe0f Empfehlungen<\/h3>\n<p><a href=\"https:\/\/www.amazon.de\/s?k=Sonnenpflege%20von%20Sisley%20Paris%20f%C3%BCr%20Haut%20u&#038;tag=thechicadvo04-21\" rel=\"sponsored noopener nofollow\" target=\"_blank\" style=\"background:#ff9900;color:#fff;padding:10px 18px;border-radius:4px;text-decoration:none;display:inline-block;\">\ud83d\uded2 Auf Amazon entdecken<\/a><\/p>\n<p style=\"font-size:12px;color:#888;margin-bottom:0;\">*Affiliate-Link<\/p>\n<\/div>\n","protected":false},"excerpt":{"rendered":"<p>enth\u00e4lt PR-Samples &nbsp; &nbsp; Der Sommer ist noch in vollem Gange &#8211;&#8230;<\/p>\n","protected":false},"author":1,"featured_media":34030,"comment_status":"open","ping_status":"closed","sticky":false,"template":"","format":"standard","meta":{"_kad_post_transparent":"","_kad_post_title":"","_kad_post_layout":"","_kad_post_sidebar_id":"","_kad_post_content_style":"","_kad_post_vertical_padding":"","_kad_post_feature":"","_kad_post_feature_position":"","_kad_post_header":false,"_kad_post_footer":false,"_kad_post_classname":"","footnotes":""},"categories":[11,130],"tags":[4518,1121],"class_list":["post-34028","post","type-post","status-publish","format-standard","has-post-thumbnail","hentry","category-beauty","category-cosmetics","tag-sisley-paris","tag-sonnenschutz"],"_links":{"self":[{"href":"https:\/\/www.thechicadvocate.com\/en\/wp-json\/wp\/v2\/posts\/34028","targetHints":{"allow":["GET"]}}],"collection":[{"href":"https:\/\/www.thechicadvocate.com\/en\/wp-json\/wp\/v2\/posts"}],"about":[{"href":"https:\/\/www.thechicadvocate.com\/en\/wp-json\/wp\/v2\/types\/post"}],"author":[{"embeddable":true,"href":"https:\/\/www.thechicadvocate.com\/en\/wp-json\/wp\/v2\/users\/1"}],"replies":[{"embeddable":true,"href":"https:\/\/www.thechicadvocate.com\/en\/wp-json\/wp\/v2\/comments?post=34028"}],"version-history":[{"count":1,"href":"https:\/\/www.thechicadvocate.com\/en\/wp-json\/wp\/v2\/posts\/34028\/revisions"}],"predecessor-version":[{"id":189293,"href":"https:\/\/www.thechicadvocate.com\/en\/wp-json\/wp\/v2\/posts\/34028\/revisions\/189293"}],"wp:featuredmedia":[{"embeddable":true,"href":"https:\/\/www.thechicadvocate.com\/en\/wp-json\/wp\/v2\/media\/34030"}],"wp:attachment":[{"href":"https:\/\/www.thechicadvocate.com\/en\/wp-json\/wp\/v2\/media?parent=34028"}],"wp:term":[{"taxonomy":"category","embeddable":true,"href":"https:\/\/www.thechicadvocate.com\/en\/wp-json\/wp\/v2\/categories?post=34028"},{"taxonomy":"post_tag","embeddable":true,"href":"https:\/\/www.thechicadvocate.com\/en\/wp-json\/wp\/v2\/tags?post=34028"}],"curies":[{"name":"wp","href":"https:\/\/api.w.org\/{rel}","templated":true}]}}