{"id":33609,"date":"2019-04-25T12:58:15","date_gmt":"2019-04-25T10:58:15","guid":{"rendered":"https:\/\/www.thechicadvocate.com\/?p=33609"},"modified":"2026-07-07T22:11:36","modified_gmt":"2026-07-07T20:11:36","slug":"fashion-news-vegane-jacke-aus-ananasleder-bei-hm","status":"publish","type":"post","link":"https:\/\/www.thechicadvocate.com\/en\/fashion-news-vegane-jacke-aus-ananasleder-bei-hm\/","title":{"rendered":"FAshio"},"content":{"rendered":"<p><!-- inline-affiliate --><\/p>\n<p><em>Sponsored<\/em><\/p>\n<p>&nbsp;<\/p>\n<p><em>Passende Produkte gibt es <a href=\"https:\/\/www.amazon.de\/s?k=Fashion%20News%3A%20Vegane%20Jacke%20aus&#038;tag=thechicadvo04-21\" rel=\"sponsored noopener nofollow\" target=\"_blank\">direkt bei Amazon<\/a>.<\/em><\/p>\n<p><img loading=\"lazy\" decoding=\"async\" width=\"2048\" height=\"1365\" class=\"aligncenter size-full wp-image-33610\" src=\"https:\/\/www.thechicadvocate.com\/wp-content\/uploads\/2019\/04\/DSC05921-2.jpg\" alt=\"Ananas Shirt\" srcset=\"https:\/\/www.thechicadvocate.com\/wp-content\/uploads\/2019\/04\/DSC05921-2.jpg 2048w, https:\/\/www.thechicadvocate.com\/wp-content\/uploads\/2019\/04\/DSC05921-2-300x200.jpg 300w, https:\/\/www.thechicadvocate.com\/wp-content\/uploads\/2019\/04\/DSC05921-2-1440x960.jpg 1440w, https:\/\/www.thechicadvocate.com\/wp-content\/uploads\/2019\/04\/DSC05921-2-800x533.jpg 800w\" sizes=\"auto, (max-width: 2048px) 100vw, 2048px\" \/><\/p>\n<p>&nbsp;<\/p>\n<p>Alternativen f\u00fcr klassisches Leder von Tieren gibt es mittlerweile viele &#8211; aber nicht alle sind viel besser f\u00fcr die Umwelt. Diese Woche habe ich aber in den <a href=\"https:\/\/www.nau.ch\/\" target=\"_blank\" rel=\"nofollow noopener\">News<\/a> von nau.ch einen <a href=\"https:\/\/www.nau.ch\/lifestyle\/gesellschaft\/hm-prasentiert-eine-vegane-jacke-aus-ananasleder-65504111\" target=\"_blank\" rel=\"nofollow noopener\">spannenden Artikel entdeckt<\/a>. Bei <a href=\"https:\/\/www2.hm.com\/de_ch\/index.html\" target=\"_blank\" rel=\"nofollow noopener\">H&amp;M<\/a> gibt es n\u00e4mlich in der neuen \u00abConscious Exclusive\u00bb Kollektion erstmals eine Jacke aus Ananasleder.<\/p>\n<p>&nbsp;<\/p>\n<h2>Die Trendfrucht Ananas<\/h2>\n<p>&nbsp;<\/p>\n<p>Vorab und insbesondere durch Social Media wie Instagram, Pinterest &amp; Co. wurde die Ananas in den vergangenen Jahren &#8211; besonders w\u00e4hrend den Sommermonaten &#8211; zur absoluten Kultfrucht. Dieser Hype hat nat\u00fcrlich auch mich nicht kalt gelassen, so bin ich stolze Besitzerin einer goldenen Ananasdose, einer Ananaskerze von H&amp;M und trage Shirts, Jumpsuits und Kleider mit Ananasprint. Aber diese News waren auch f\u00fcr mich v\u00f6llig neu.<\/p>\n<p>&nbsp;<\/p>\n<h2>Vegane Mode auf dem Vormarsch<\/h2>\n<p>&nbsp;<\/p>\n<p>Aus gutem Grund steigt Nachfrage nach veganer und nachhaltiger Mode immer weiter an. Auch grosse Modeh\u00e4user wie nun eben H&amp;M beginnen auf die Nachfrage der Konsumenten zu reagieren. Zum Trend geh\u00f6rt insbesondere auch die Verwendung von veganen Materialien.\u00a0Pi\u00f1atex<sup class=\"reg_trade\">\u00ae<\/sup> heisst der neuartige Werkstoff. Good News also f\u00fcr alle &#8211; nicht nur f\u00fcr Veganer. Denn\u00a0Pi\u00f1atex<sup class=\"reg_trade\">\u00ae<\/sup> ist ein vielseitiges nat\u00fcrliches Textilmaterial, das sich als Alternative zu klassischem Leder sowohl f\u00fcr Fashion bis hin zur Einrichtung f\u00fcr die Anfertigung von Produkten eignet.<\/p>\n<p>&nbsp;<\/p>\n<h2>Herstellung von Ananasleder<\/h2>\n<p>&nbsp;<\/p>\n<p>Das beste daran ist, das der Rohstoff des Ananasleders ein Nebenprodukt der Ananasernte ist. Es werden n\u00e4mlich die Bl\u00e4tter, welche ansonsten als Abfall anfallen w\u00fcrden dazu verwendet &#8211; gerade deshalb tolle News und ein weiterer Fortschritt in Sachen Nachhaltigkeit und Ressourcenschonung.\u00a0Die Verwendung von Ananasblattfasern als ein landwirtschaftliches Abfallprodukt, bietet so die M\u00f6glichkeit, eine skalierbare kommerzielle Industrie f\u00fcr die Entwicklung landwirtschaftlicher Gemeinschaften mit minimalen Umweltauswirkungen aufzubauen.<\/p>\n<p>&nbsp;<\/p>\n<p>Hergestellt wird das Leder also aus den Ananasblattfasern, dazu werden die langen Fasern mit dem Prozess der sog. &#8222;Decortication&#8220; gewonnen, der auf der jeweiligen Ananas-Plantage durchgef\u00fchrt wird.\u00a0 Nachdem die Ananas-Bl\u00e4tter von Fasern befreit wurden, kann die verbleibende Biomasse als n\u00e4hrstoffreicher Naturd\u00fcnger oder Biokraftstoff verwendet werden, somit wird nichts verschwendet. Die Fasern werden dann entschleimt und durchlaufen einen industriellen Prozess, um ein Vlies zu bilden, das die Basis von Pi\u00f1atex\u00ae bildet.\u00a0 Ein weiteres einzigartiges Verfahren verleiht dem Stoff sodann seine lederartige Erscheinung, dadurch entsteht ein weiches, flexibles und zugleich sehr strapazierf\u00e4higes Textilmaterial.<\/p>\n<p>&nbsp;<\/p>\n<h2>H&amp;M\u00a0\u00abConscious Exclusive\u00bb Kollektion<\/h2>\n<p>&nbsp;<\/p>\n<p>Die Jacke aus Ananasleder ist nicht das einzige stylishe Teil aus der \u00abConscious Exclusive\u00bb Kollektion bei welcher Ananasleder eingesetzt wurde. Das silberne Ananasleder gibt es auch als Stiefel und als Tasche. H&amp;M experimentiert aber noch mit weiteren neuen Textilrohstoffen, so sind in der Kollektion auch Kleider aus Orangenseide zu finden. Orangenseide entsteht aus \u00dcberresten der Orangensaftproduktion.<\/p>\n<p>&nbsp;<\/p>\n<h2>Warum vegane Mode<\/h2>\n<p>&nbsp;<\/p>\n<p>Bereits am Anfang meiner Bloggerzeit kam ich in Kontakt mit veganer Mode, als ich damals 2017 zum ersten Mal an die Fashion Week in Berlin gereist bin, habe ich an der Modemesse f\u00fcr gr\u00fcne Mode bereits viele spannende Produkte kennengelernt und habe mich mit News aus der Fashion-Branche versorgt. So sah ich dort z.B. zum ersten Mal Taschen aus Kork. Es gibt soviele tolle M\u00f6glichkeiten, Werkstoffe zu verwenden, welche die Umwelt massiv weniger belasten und ganz ohne Tierleid auskommen. Ich freue mich daher ausserordentlich, dass nun auch Fashionriesen wie H&amp;M bei dieser Fashion Revolution mit von der Partie sind.<\/p>\n<p>&nbsp;<\/p>\n<p>\u00dcbrigens nau.ch ist das neue und innovative Schweizer Newsportal, dessen Inhalte \u00fcber eine Website, Bildschirme in \u00f6ffentlichen Verkehrsmitteln, an Tankstellen und in Fitnesscentern sowie \u00fcber eine Mobile App verbreitet werden. Genau in dieser App habe ich vom Ananasleder erfahren.<\/p>\n<p>&nbsp;<\/p>\n<p>&nbsp;<\/p>\n<p>&nbsp;<\/p>\n<div style=\"display: none;\"><img loading=\"lazy\" decoding=\"async\" width=\"735\" height=\"1102\" class=\"aligncenter size-full wp-image-33655\" src=\"https:\/\/www.thechicadvocate.com\/wp-content\/uploads\/2019\/04\/FASHION-NEWS_-VEGANE-JACKE-AUS-ANANASLEDER-NEU-BEI-HM-1.png\" alt=\"\" srcset=\"https:\/\/www.thechicadvocate.com\/wp-content\/uploads\/2019\/04\/FASHION-NEWS_-VEGANE-JACKE-AUS-ANANASLEDER-NEU-BEI-HM-1.png 735w, https:\/\/www.thechicadvocate.com\/wp-content\/uploads\/2019\/04\/FASHION-NEWS_-VEGANE-JACKE-AUS-ANANASLEDER-NEU-BEI-HM-1-300x450.png 300w\" sizes=\"auto, (max-width: 735px) 100vw, 735px\" \/><\/div>\n<div style=\"display: none;\"><img loading=\"lazy\" decoding=\"async\" width=\"600\" height=\"1260\" class=\"aligncenter size-fullthumb wp-image-33656\" src=\"https:\/\/www.thechicadvocate.com\/wp-content\/uploads\/2019\/04\/FASHION-NEWS_-VEGANE-JACKE-AUS-ANANASLEDER-NEU-BEI-HM-2.png\" alt=\"\" srcset=\"https:\/\/www.thechicadvocate.com\/wp-content\/uploads\/2019\/04\/FASHION-NEWS_-VEGANE-JACKE-AUS-ANANASLEDER-NEU-BEI-HM-2.png 600w, https:\/\/www.thechicadvocate.com\/wp-content\/uploads\/2019\/04\/FASHION-NEWS_-VEGANE-JACKE-AUS-ANANASLEDER-NEU-BEI-HM-2-300x630.png 300w\" sizes=\"auto, (max-width: 600px) 100vw, 600px\" \/><\/div>\n<div style=\"display: none;\"><img loading=\"lazy\" decoding=\"async\" width=\"600\" height=\"900\" class=\"aligncenter size-fullthumb wp-image-33657\" src=\"https:\/\/www.thechicadvocate.com\/wp-content\/uploads\/2019\/04\/FASHION-NEWS_-VEGANE-JACKE-AUS-ANANASLEDER-NEU-BEI-HM.png\" alt=\"\" srcset=\"https:\/\/www.thechicadvocate.com\/wp-content\/uploads\/2019\/04\/FASHION-NEWS_-VEGANE-JACKE-AUS-ANANASLEDER-NEU-BEI-HM.png 600w, https:\/\/www.thechicadvocate.com\/wp-content\/uploads\/2019\/04\/FASHION-NEWS_-VEGANE-JACKE-AUS-ANANASLEDER-NEU-BEI-HM-300x450.png 300w\" sizes=\"auto, (max-width: 600px) 100vw, 600px\" \/><\/div>\n<p><!-- affiliate-block --><\/p>\n<div class=\"affiliate-booking-box\" style=\"background:#faf9f7;padding:20px;border-left:4px solid #c4a577;margin:30px 0;border-radius:4px;\">\n<h3 style=\"margin-top:0;color:#2c2c2c;\">\ud83d\udecd\ufe0f Empfehlungen<\/h3>\n<p><a href=\"https:\/\/www.amazon.de\/s?k=Fashion%20News%3A%20Vegane%20Jacke%20aus%20Ananasled&#038;tag=thechicadvo04-21\" rel=\"sponsored noopener nofollow\" target=\"_blank\" style=\"background:#ff9900;color:#fff;padding:10px 18px;border-radius:4px;text-decoration:none;display:inline-block;\">\ud83d\uded2 Auf Amazon entdecken<\/a><\/p>\n<p style=\"font-size:12px;color:#888;margin-bottom:0;\">*Affiliate-Link<\/p>\n<\/div>\n","protected":false},"excerpt":{"rendered":"<p>Sponsored &nbsp; Passende Produkte gibt es direkt bei Amazon. &nbsp; Alternativen f\u00fcr&#8230;<\/p>\n","protected":false},"author":1,"featured_media":33610,"comment_status":"open","ping_status":"closed","sticky":false,"template":"","format":"standard","meta":{"_kad_post_transparent":"","_kad_post_title":"","_kad_post_layout":"","_kad_post_sidebar_id":"","_kad_post_content_style":"","_kad_post_vertical_padding":"","_kad_post_feature":"","_kad_post_feature_position":"","_kad_post_header":false,"_kad_post_footer":false,"_kad_post_classname":"","footnotes":""},"categories":[7],"tags":[3751,217,3752,579],"class_list":["post-33609","post","type-post","status-publish","format-standard","has-post-thumbnail","hentry","category-fashion","tag-ananasleder","tag-hm","tag-nau-ch","tag-news"],"_links":{"self":[{"href":"https:\/\/www.thechicadvocate.com\/en\/wp-json\/wp\/v2\/posts\/33609","targetHints":{"allow":["GET"]}}],"collection":[{"href":"https:\/\/www.thechicadvocate.com\/en\/wp-json\/wp\/v2\/posts"}],"about":[{"href":"https:\/\/www.thechicadvocate.com\/en\/wp-json\/wp\/v2\/types\/post"}],"author":[{"embeddable":true,"href":"https:\/\/www.thechicadvocate.com\/en\/wp-json\/wp\/v2\/users\/1"}],"replies":[{"embeddable":true,"href":"https:\/\/www.thechicadvocate.com\/en\/wp-json\/wp\/v2\/comments?post=33609"}],"version-history":[{"count":2,"href":"https:\/\/www.thechicadvocate.com\/en\/wp-json\/wp\/v2\/posts\/33609\/revisions"}],"predecessor-version":[{"id":190207,"href":"https:\/\/www.thechicadvocate.com\/en\/wp-json\/wp\/v2\/posts\/33609\/revisions\/190207"}],"wp:featuredmedia":[{"embeddable":true,"href":"https:\/\/www.thechicadvocate.com\/en\/wp-json\/wp\/v2\/media\/33610"}],"wp:attachment":[{"href":"https:\/\/www.thechicadvocate.com\/en\/wp-json\/wp\/v2\/media?parent=33609"}],"wp:term":[{"taxonomy":"category","embeddable":true,"href":"https:\/\/www.thechicadvocate.com\/en\/wp-json\/wp\/v2\/categories?post=33609"},{"taxonomy":"post_tag","embeddable":true,"href":"https:\/\/www.thechicadvocate.com\/en\/wp-json\/wp\/v2\/tags?post=33609"}],"curies":[{"name":"wp","href":"https:\/\/api.w.org\/{rel}","templated":true}]}}