{"id":188343,"date":"2026-02-17T21:19:41","date_gmt":"2026-02-17T20:19:41","guid":{"rendered":"https:\/\/www.thechicadvocate.com\/?p=188343"},"modified":"2026-02-17T21:20:03","modified_gmt":"2026-02-17T20:20:03","slug":"meine-skincare-routine-4-schritte-mit-dem-resveratrol-straffende-gesichtspflege-set-von-m-asam","status":"publish","type":"post","link":"https:\/\/www.thechicadvocate.com\/en\/meine-skincare-routine-4-schritte-mit-dem-resveratrol-straffende-gesichtspflege-set-von-m-asam\/","title":{"rendered":"Meine Skincare-Routine  \u2013 4 Schritte mit dem Resveratrol Straffende Gesichtspflege Set von M. Asam"},"content":{"rendered":"<p style=\"text-align: right;\"><em>Anzeige<\/em><\/p>\n<p>&nbsp;<\/p>\n<p><img loading=\"lazy\" decoding=\"async\" class=\"alignnone size-large wp-image-188362\" src=\"https:\/\/www.thechicadvocate.com\/wp-content\/uploads\/2026\/02\/IMG_0366-1-1440x1119.jpg\" alt=\"\" width=\"1440\" height=\"1119\" srcset=\"https:\/\/www.thechicadvocate.com\/wp-content\/uploads\/2026\/02\/IMG_0366-1-1440x1119.jpg 1440w, https:\/\/www.thechicadvocate.com\/wp-content\/uploads\/2026\/02\/IMG_0366-1-300x233.jpg 300w, https:\/\/www.thechicadvocate.com\/wp-content\/uploads\/2026\/02\/IMG_0366-1-1536x1194.jpg 1536w, https:\/\/www.thechicadvocate.com\/wp-content\/uploads\/2026\/02\/IMG_0366-1-2048x1592.jpg 2048w, https:\/\/www.thechicadvocate.com\/wp-content\/uploads\/2026\/02\/IMG_0366-1-800x622.jpg 800w\" sizes=\"auto, (max-width: 1440px) 100vw, 1440px\" \/><\/p>\n<p>&nbsp;<\/p>\n<p>Es gibt diese Phasen, in denen man in den Spiegel schaut und sich denkt: Meine Haut braucht mehr als nur \u201eein bisschen Pflege\u201c. Mehr Glow. Mehr Spannkraft. Mehr Frische \u2013 gerade an langen Arbeitstagen zwischen B\u00fcro, Content Creation und Alltagsorganisation.<\/p>\n<p>&nbsp;<\/p>\n<p>In den letzten Wochen habe ich deshalb das <a href=\"https:\/\/go.asambeauty.com\/XOd1QceLyO\" rel=\"nofollow noopener\" target=\"_blank\"><strong>Resveratrol Straffende Gesichtspflege Set XXL (4-teilig)<\/strong> von asambeauty<\/a> in meine t\u00e4gliche Routine integriert \u2013 morgens wie abends. Und weil ich weiss, dass euch strukturierte Routinen mit ehrlichem Erfahrungsbericht am meisten helfen, nehme ich euch heute Schritt f\u00fcr Schritt mit durch meine aktuelle Skincare-Routine. Das Set war urspr\u00fcnglich mit 220 CHF angesetzt und ist aktuell um 47% auf 117 CHF reduziert \u2013 und mein Code &#8220;PRISCILLA20&#8221; f\u00fcr 20 % Rabatt gilt zus\u00e4tzlich noch on top &#8211; der Rabatt gilt zudem auf fast alles bei <a href=\"https:\/\/go.asambeauty.com\/2W9GNfAPRK\" rel=\"nofollow noopener\" target=\"_blank\">asambeauty<\/a> (in CH, DE und AT). Gerade als Komplett-Routine finde ich das preislich wirklich stark.<\/p>\n<p>&nbsp;<\/p>\n<h1>Warum Resveratrol?<\/h1>\n<p>&nbsp;<\/p>\n<p>Resveratrol ist ein starkes Antioxidans, das die Haut vor freien Radikalen sch\u00fctzt und die Hautalterung sichtbar verlangsamen kann. Gerade wenn man \u2013 so wie ich \u2013 viel unterwegs ist, h\u00e4ufig Make-up tr\u00e4gt und regelm\u00e4ssig zwischen Indoor-Heizungsluft und kalter Winterluft wechselt, ist antioxidativer Schutz Gold wert.<\/p>\n<p>&nbsp;<\/p>\n<p>Was ich an dieser Linie besonders spannend finde: Sie kombiniert antioxidativen Schutz mit <strong>straffender Pflege und regenerierenden Komponenten<\/strong> \u2013 also nicht nur \u201eGlow\u201c, sondern echte Substanz.<\/p>\n<p>&nbsp;<\/p>\n<h1>Meine 4-Schritte-Routine mit der Resveratrol-Linie von M. Asam<\/h1>\n<p>&nbsp;<\/p>\n<p><img loading=\"lazy\" decoding=\"async\" class=\"alignnone size-large wp-image-188358\" src=\"https:\/\/www.thechicadvocate.com\/wp-content\/uploads\/2026\/02\/DSC07696-1-1440x960.jpg\" alt=\"\" width=\"1440\" height=\"960\" srcset=\"https:\/\/www.thechicadvocate.com\/wp-content\/uploads\/2026\/02\/DSC07696-1-1440x960.jpg 1440w, https:\/\/www.thechicadvocate.com\/wp-content\/uploads\/2026\/02\/DSC07696-1-300x200.jpg 300w, https:\/\/www.thechicadvocate.com\/wp-content\/uploads\/2026\/02\/DSC07696-1-1536x1024.jpg 1536w, https:\/\/www.thechicadvocate.com\/wp-content\/uploads\/2026\/02\/DSC07696-1-2048x1366.jpg 2048w, https:\/\/www.thechicadvocate.com\/wp-content\/uploads\/2026\/02\/DSC07696-1-800x534.jpg 800w\" sizes=\"auto, (max-width: 1440px) 100vw, 1440px\" \/><\/p>\n<p>&nbsp;<\/p>\n<div id=\"ez-toc-container\" class=\"ez-toc-v2_0_82_2 counter-hierarchy ez-toc-counter ez-toc-transparent ez-toc-container-direction\">\n<div class=\"ez-toc-title-container\">\n<p class=\"ez-toc-title\" style=\"cursor:inherit\">Overview<\/p>\n<span class=\"ez-toc-title-toggle\"><a href=\"#\" class=\"ez-toc-pull-right ez-toc-btn ez-toc-btn-xs ez-toc-btn-default ez-toc-toggle\" aria-label=\"Toggle Table of Content\"><span class=\"ez-toc-js-icon-con\"><span class=\"\"><span class=\"eztoc-hide\" style=\"display:none;\">Toggle<\/span><span class=\"ez-toc-icon-toggle-span\"><svg style=\"fill: #999;color:#999\" xmlns=\"http:\/\/www.w3.org\/2000\/svg\" class=\"list-377408\" width=\"20px\" height=\"20px\" viewBox=\"0 0 24 24\" fill=\"none\"><path d=\"M6 6H4v2h2V6zm14 0H8v2h12V6zM4 11h2v2H4v-2zm16 0H8v2h12v-2zM4 16h2v2H4v-2zm16 0H8v2h12v-2z\" fill=\"currentColor\"><\/path><\/svg><svg style=\"fill: #999;color:#999\" class=\"arrow-unsorted-368013\" xmlns=\"http:\/\/www.w3.org\/2000\/svg\" width=\"10px\" height=\"10px\" viewBox=\"0 0 24 24\" version=\"1.2\" baseProfile=\"tiny\"><path d=\"M18.2 9.3l-6.2-6.3-6.2 6.3c-.2.2-.3.4-.3.7s.1.5.3.7c.2.2.4.3.7.3h11c.3 0 .5-.1.7-.3.2-.2.3-.5.3-.7s-.1-.5-.3-.7zM5.8 14.7l6.2 6.3 6.2-6.3c.2-.2.3-.5.3-.7s-.1-.5-.3-.7c-.2-.2-.4-.3-.7-.3h-11c-.3 0-.5.1-.7.3-.2.2-.3.5-.3.7s.1.5.3.7z\"\/><\/svg><\/span><\/span><\/span><\/a><\/span><\/div>\n<nav><ul class='ez-toc-list ez-toc-list-level-1 ' ><li class='ez-toc-page-1 ez-toc-heading-level-2'><a class=\"ez-toc-link ez-toc-heading-1\" href=\"https:\/\/www.thechicadvocate.com\/en\/meine-skincare-routine-4-schritte-mit-dem-resveratrol-straffende-gesichtspflege-set-von-m-asam\/#Schritt_1_%E2%80%93_Essence_of_Youth_Serum\" >Schritt 1 \u2013 Essence of Youth Serum<\/a><\/li><li class='ez-toc-page-1 ez-toc-heading-level-2'><a class=\"ez-toc-link ez-toc-heading-2\" href=\"https:\/\/www.thechicadvocate.com\/en\/meine-skincare-routine-4-schritte-mit-dem-resveratrol-straffende-gesichtspflege-set-von-m-asam\/#Schritt_2_%E2%80%93_Perfektionierende_Augencreme\" >Schritt 2 \u2013 Perfektionierende Augencreme<\/a><\/li><li class='ez-toc-page-1 ez-toc-heading-level-2'><a class=\"ez-toc-link ez-toc-heading-3\" href=\"https:\/\/www.thechicadvocate.com\/en\/meine-skincare-routine-4-schritte-mit-dem-resveratrol-straffende-gesichtspflege-set-von-m-asam\/#Schritt_3_%E2%80%93_Lifting_Gesichtscreme_Tag\" >Schritt 3 \u2013 Lifting Gesichtscreme (Tag)<\/a><\/li><li class='ez-toc-page-1 ez-toc-heading-level-2'><a class=\"ez-toc-link ez-toc-heading-4\" href=\"https:\/\/www.thechicadvocate.com\/en\/meine-skincare-routine-4-schritte-mit-dem-resveratrol-straffende-gesichtspflege-set-von-m-asam\/#Schritt_4_%E2%80%93_Regenerierende_Nachtcreme\" >Schritt 4 \u2013 Regenerierende Nachtcreme<\/a><\/li><\/ul><\/nav><\/div>\n<h2><span class=\"ez-toc-section\" id=\"Schritt_1_%E2%80%93_Essence_of_Youth_Serum\"><\/span>Schritt 1 \u2013 Essence of Youth Serum<span class=\"ez-toc-section-end\"><\/span><\/h2>\n<p><em>(Morgens &amp; abends \u2013 mein Herzst\u00fcck der Routine)<\/em><\/p>\n<p>&nbsp;<\/p>\n<p><img loading=\"lazy\" decoding=\"async\" class=\"alignnone size-large wp-image-188352\" src=\"https:\/\/www.thechicadvocate.com\/wp-content\/uploads\/2026\/02\/DSC07741-1-1440x949.jpg\" alt=\"\" width=\"1440\" height=\"949\" srcset=\"https:\/\/www.thechicadvocate.com\/wp-content\/uploads\/2026\/02\/DSC07741-1-1440x949.jpg 1440w, https:\/\/www.thechicadvocate.com\/wp-content\/uploads\/2026\/02\/DSC07741-1-300x198.jpg 300w, https:\/\/www.thechicadvocate.com\/wp-content\/uploads\/2026\/02\/DSC07741-1-1536x1012.jpg 1536w, https:\/\/www.thechicadvocate.com\/wp-content\/uploads\/2026\/02\/DSC07741-1-2048x1349.jpg 2048w, https:\/\/www.thechicadvocate.com\/wp-content\/uploads\/2026\/02\/DSC07741-1-800x527.jpg 800w\" sizes=\"auto, (max-width: 1440px) 100vw, 1440px\" \/><\/p>\n<p>&nbsp;<\/p>\n<p>Das <strong>Essence of Youth Serum<\/strong> ist f\u00fcr mich der eigentliche Gamechanger des Sets.<\/p>\n<p>Die Textur ist leicht, schnell einziehend, nicht klebrig. Ich liebe Seren, die sofort mit der Haut verschmelzen \u2013 dieses geh\u00f6rt definitiv dazu.<\/p>\n<p>&nbsp;<\/p>\n<p><strong>Was es macht:<\/strong><\/p>\n<ul>\n<li>Unterst\u00fctzt die Zellerneuerung<\/li>\n<li>Mildert sichtbar Linien und F\u00e4ltchen<\/li>\n<li>Sorgt f\u00fcr ein glatteres Hautbild<\/li>\n<\/ul>\n<p>&nbsp;<\/p>\n<p>Ich trage es direkt nach der Reinigung auf leicht feuchter Haut auf. Schon nach wenigen Anwendungen hatte ich das Gef\u00fchl, dass meine Haut \u201epraller\u201c wirkt \u2013 besonders im Wangenbereich. Kein oberfl\u00e4chlicher Glow-Effekt, sondern ein sp\u00fcrbares Mehr an Elastizit\u00e4t.<\/p>\n<p>&nbsp;<\/p>\n<h2><span class=\"ez-toc-section\" id=\"Schritt_2_%E2%80%93_Perfektionierende_Augencreme\"><\/span>Schritt 2 \u2013 Perfektionierende Augencreme<span class=\"ez-toc-section-end\"><\/span><\/h2>\n<p><em>(Morgens unverzichtbar, abends als Extra-Pflege)<\/em><\/p>\n<p>&nbsp;<\/p>\n<div id='gallery-1' class='gallery galleryid-188343 gallery-columns-3 gallery-size-thumbnail'><figure class='gallery-item'>\n\t\t\t<div class='gallery-icon landscape'>\n\t\t\t\t<a href=\"https:\/\/www.thechicadvocate.com\/en\/meine-skincare-routine-4-schritte-mit-dem-resveratrol-straffende-gesichtspflege-set-von-m-asam\/dsc07750-1\/\"><img loading=\"lazy\" decoding=\"async\" width=\"150\" height=\"150\" src=\"https:\/\/www.thechicadvocate.com\/wp-content\/uploads\/2026\/02\/DSC07750-1-150x150.jpg\" class=\"attachment-thumbnail size-thumbnail\" alt=\"\" \/><\/a>\n\t\t\t<\/div><\/figure><figure class='gallery-item'>\n\t\t\t<div class='gallery-icon landscape'>\n\t\t\t\t<a href=\"https:\/\/www.thechicadvocate.com\/en\/meine-skincare-routine-4-schritte-mit-dem-resveratrol-straffende-gesichtspflege-set-von-m-asam\/dsc07706-1\/\"><img loading=\"lazy\" decoding=\"async\" width=\"150\" height=\"150\" src=\"https:\/\/www.thechicadvocate.com\/wp-content\/uploads\/2026\/02\/DSC07706-1-150x150.jpg\" class=\"attachment-thumbnail size-thumbnail\" alt=\"\" \/><\/a>\n\t\t\t<\/div><\/figure>\n\t\t<\/div>\n\n<p>&nbsp;<\/p>\n<p>Augenpflege ist f\u00fcr mich nicht optional. Gerade wenn ich viel am Bildschirm arbeite oder wenig geschlafen habe.<\/p>\n<p>&nbsp;<\/p>\n<p><strong>Meine Erfahrung:<\/strong><\/p>\n<ul>\n<li>Reduziert sichtbar morgendliche Schwellungen<\/li>\n<li>L\u00e4sst den Blick wacher erscheinen<\/li>\n<li>Setzt sich nicht unter Concealer ab<\/li>\n<\/ul>\n<p>&nbsp;<\/p>\n<p>Ich klopfe eine kleine Menge sanft mit dem Ringfinger ein. Besonders sch\u00f6n finde ich, dass sie ausreichend pflegend ist, aber nicht \u201eschwer\u201c. Mein Concealer l\u00e4sst sich danach problemlos auftragen \u2013 ein grosses Plus im Alltag.<\/p>\n<p>&nbsp;<\/p>\n<h2><span class=\"ez-toc-section\" id=\"Schritt_3_%E2%80%93_Lifting_Gesichtscreme_Tag\"><\/span>Schritt 3 \u2013 Lifting Gesichtscreme (Tag)<span class=\"ez-toc-section-end\"><\/span><\/h2>\n<p>&nbsp;<\/p>\n<p><img loading=\"lazy\" decoding=\"async\" class=\"alignnone size-large wp-image-188359\" src=\"https:\/\/www.thechicadvocate.com\/wp-content\/uploads\/2026\/02\/DSC07769-1-1440x1023.jpg\" alt=\"\" width=\"1440\" height=\"1023\" srcset=\"https:\/\/www.thechicadvocate.com\/wp-content\/uploads\/2026\/02\/DSC07769-1-1440x1023.jpg 1440w, https:\/\/www.thechicadvocate.com\/wp-content\/uploads\/2026\/02\/DSC07769-1-300x213.jpg 300w, https:\/\/www.thechicadvocate.com\/wp-content\/uploads\/2026\/02\/DSC07769-1-1536x1091.jpg 1536w, https:\/\/www.thechicadvocate.com\/wp-content\/uploads\/2026\/02\/DSC07769-1-2048x1455.jpg 2048w, https:\/\/www.thechicadvocate.com\/wp-content\/uploads\/2026\/02\/DSC07769-1-800x568.jpg 800w\" sizes=\"auto, (max-width: 1440px) 100vw, 1440px\" \/><\/p>\n<p>&nbsp;<\/p>\n<p>Die <strong>Lifting Gesichtscreme<\/strong> verwende ich morgens als Abschluss meiner Routine.<\/p>\n<p>&nbsp;<\/p>\n<p><strong>Was ich daran liebe:<\/strong><\/p>\n<ul>\n<li>Verleiht sofort einen ebenm\u00e4ssigen, frischen Teint<\/li>\n<li>Spendet intensiv Feuchtigkeit<\/li>\n<li>Gibt ein leicht gestrafftes Hautgef\u00fchl<\/li>\n<\/ul>\n<p>&nbsp;<\/p>\n<p>Sie funktioniert hervorragend unter Make-up. Meine Foundation sitzt ruhiger, setzt sich weniger in feinen Linien ab und wirkt insgesamt harmonischer. An No-Make-up-Tagen reicht sie mir fast alleine f\u00fcr diesen \u201ehealthy skin\u201c-Look.<\/p>\n<h2><\/h2>\n<h2><span class=\"ez-toc-section\" id=\"Schritt_4_%E2%80%93_Regenerierende_Nachtcreme\"><\/span>Schritt 4 \u2013 Regenerierende Nachtcreme<span class=\"ez-toc-section-end\"><\/span><\/h2>\n<p>Abends darf es reichhaltiger sein \u2013 hier kommt die Nachtcreme ins Spiel.<\/p>\n<p>&nbsp;<\/p>\n<p><img loading=\"lazy\" decoding=\"async\" class=\"alignnone size-large wp-image-188354\" src=\"https:\/\/www.thechicadvocate.com\/wp-content\/uploads\/2026\/02\/DSC07759-1-1440x960.jpg\" alt=\"\" width=\"1440\" height=\"960\" srcset=\"https:\/\/www.thechicadvocate.com\/wp-content\/uploads\/2026\/02\/DSC07759-1-1440x960.jpg 1440w, https:\/\/www.thechicadvocate.com\/wp-content\/uploads\/2026\/02\/DSC07759-1-300x200.jpg 300w, https:\/\/www.thechicadvocate.com\/wp-content\/uploads\/2026\/02\/DSC07759-1-1536x1024.jpg 1536w, https:\/\/www.thechicadvocate.com\/wp-content\/uploads\/2026\/02\/DSC07759-1-2048x1365.jpg 2048w, https:\/\/www.thechicadvocate.com\/wp-content\/uploads\/2026\/02\/DSC07759-1-800x533.jpg 800w\" sizes=\"auto, (max-width: 1440px) 100vw, 1440px\" \/><\/p>\n<p>&nbsp;<\/p>\n<p>Sie unterst\u00fctzt die Hautregeneration w\u00e4hrend des Schlafs und f\u00fchlt sich angenehm n\u00e4hrend an, ohne die Poren zu beschweren.<\/p>\n<p>&nbsp;<\/p>\n<p><strong>Was ich besonders bemerkt habe:<\/strong><\/p>\n<ul>\n<li>Am Morgen wirkt meine Haut erholter<\/li>\n<li>Feine Trockenheitslinien sind deutlich gemildert<\/li>\n<li>Die Haut f\u00fchlt sich geschmeidiger an<\/li>\n<\/ul>\n<p>&nbsp;<\/p>\n<p>Gerade im Winter ist diese Creme f\u00fcr mich ein kleines Sicherheitsnetz gegen Spannungsgef\u00fchle.<\/p>\n<p>&nbsp;<\/p>\n<h1>Mein Fazit zur Routine<\/h1>\n<p>&nbsp;<\/p>\n<div id='gallery-2' class='gallery galleryid-188343 gallery-columns-2 gallery-size-large'><figure class='gallery-item'>\n\t\t\t<div class='gallery-icon landscape'>\n\t\t\t\t<a href=\"https:\/\/www.thechicadvocate.com\/en\/meine-skincare-routine-4-schritte-mit-dem-resveratrol-straffende-gesichtspflege-set-von-m-asam\/dsc07712-1\/\"><img loading=\"lazy\" decoding=\"async\" width=\"1440\" height=\"960\" src=\"https:\/\/www.thechicadvocate.com\/wp-content\/uploads\/2026\/02\/DSC07712-1-1440x960.jpg\" class=\"attachment-large size-large\" alt=\"\" srcset=\"https:\/\/www.thechicadvocate.com\/wp-content\/uploads\/2026\/02\/DSC07712-1-1440x960.jpg 1440w, https:\/\/www.thechicadvocate.com\/wp-content\/uploads\/2026\/02\/DSC07712-1-300x200.jpg 300w, https:\/\/www.thechicadvocate.com\/wp-content\/uploads\/2026\/02\/DSC07712-1-1536x1025.jpg 1536w, https:\/\/www.thechicadvocate.com\/wp-content\/uploads\/2026\/02\/DSC07712-1-2048x1366.jpg 2048w, https:\/\/www.thechicadvocate.com\/wp-content\/uploads\/2026\/02\/DSC07712-1-800x534.jpg 800w\" sizes=\"auto, (max-width: 1440px) 100vw, 1440px\" \/><\/a>\n\t\t\t<\/div><\/figure><figure class='gallery-item'>\n\t\t\t<div class='gallery-icon portrait'>\n\t\t\t\t<a href=\"https:\/\/www.thechicadvocate.com\/en\/meine-skincare-routine-4-schritte-mit-dem-resveratrol-straffende-gesichtspflege-set-von-m-asam\/dsc07708-1\/\"><img loading=\"lazy\" decoding=\"async\" width=\"1440\" height=\"2159\" src=\"https:\/\/www.thechicadvocate.com\/wp-content\/uploads\/2026\/02\/DSC07708-1-1440x2159.jpg\" class=\"attachment-large size-large\" alt=\"\" srcset=\"https:\/\/www.thechicadvocate.com\/wp-content\/uploads\/2026\/02\/DSC07708-1-1440x2159.jpg 1440w, https:\/\/www.thechicadvocate.com\/wp-content\/uploads\/2026\/02\/DSC07708-1-300x450.jpg 300w, https:\/\/www.thechicadvocate.com\/wp-content\/uploads\/2026\/02\/DSC07708-1-1025x1536.jpg 1025w, https:\/\/www.thechicadvocate.com\/wp-content\/uploads\/2026\/02\/DSC07708-1-1366x2048.jpg 1366w, https:\/\/www.thechicadvocate.com\/wp-content\/uploads\/2026\/02\/DSC07708-1-800x1199.jpg 800w, https:\/\/www.thechicadvocate.com\/wp-content\/uploads\/2026\/02\/DSC07708-1-scaled.jpg 1708w\" sizes=\"auto, (max-width: 1440px) 100vw, 1440px\" \/><\/a>\n\t\t\t<\/div><\/figure>\n\t\t<\/div>\n\n<p>&nbsp;<\/p>\n<p>Diese Routine f\u00fchlt sich nicht nach \u201eviel\u201c, sondern nach gezielt und effektiv an. Vier Schritte \u2013 klar strukturiert \u2013 ohne unn\u00f6tige \u00dcberladung.<\/p>\n<p>&nbsp;<\/p>\n<p>Was sich f\u00fcr mich sichtbar ver\u00e4ndert hat:<\/p>\n<p>\u2714 Mehr Spannkraft<br \/>\n\u2714 Ebenm\u00e4ssigeres Hautbild<br \/>\n\u2714 Weniger m\u00fcder Ausdruck<br \/>\n\u2714 Angenehm gepflegtes Hautgef\u00fchl \u00fcber den ganzen Tag<\/p>\n<p>&nbsp;<\/p>\n<p>Mit meinem Code <strong>PRISCILLA20<\/strong> erhaltet ihr <strong><a href=\"https:\/\/go.asambeauty.com\/EV41LTzRlK\" rel=\"nofollow noopener\" target=\"_blank\">20% auf fast alles bei asambeauty<\/a> \u2013 auch auf das bereits reduzierte Angebot des Monats<\/strong>. Das bedeutet: Ihr k\u00f6nnt das Set aktuell mit zus\u00e4tzlichem Rabatt sichern.<\/p>\n<p>&nbsp;<\/p>\n<h1>Gewinnspiel<\/h1>\n<p>&nbsp;<\/p>\n<p>Weil ich weiss, wie sehr ihr vollst\u00e4ndige Routinen liebt, darf ich ein <strong>Resveratrol Straffendes Gesichtspflege Set XXL (4-teilig)<\/strong> an eine von euch verlosen.<\/p>\n<p>&nbsp;<\/p>\n<p><strong>So k\u00f6nnt ihr teilnehmen:<\/strong><\/p>\n<ol>\n<li>Tragt euch ins Teilnahmeformular ein.<\/li>\n<li>Freiwillig: Hinterlasst mir hier auf dem Blog einen Kommentar und verratet mir, welcher Schritt euch am meisten interessiert.<\/li>\n<li>Optional: Ihr k\u00f6nnt freiwillig der Marketing-Einwilligung von asambeauty zustimmen (kein Pflichtfeld).<\/li>\n<\/ol>\n<p>&nbsp;<\/p>\n<div class=\"wpforms-container wpforms-container-full\" id=\"wpforms-188346\"><form id=\"wpforms-form-188346\" class=\"wpforms-validate wpforms-form wpforms-ajax-form\" data-formid=\"188346\" method=\"post\" enctype=\"multipart\/form-data\" action=\"\/en\/wp-json\/wp\/v2\/posts\/188343\" data-token=\"990790348aa21573e2af0932db8f4403\" data-token-time=\"1777326996\"><noscript class=\"wpforms-error-noscript\">Please enable JavaScript in your browser to complete this form.<\/noscript><div class=\"wpforms-field-container\"><div id=\"wpforms-188346-field_1-container\" class=\"wpforms-field wpforms-field-name\" data-field-id=\"1\"><label class=\"wpforms-field-label\">Name <span class=\"wpforms-required-label\">*<\/span><\/label><div class=\"wpforms-field-row wpforms-field-medium\"><div class=\"wpforms-field-row-block wpforms-first wpforms-one-half\"><input type=\"text\" id=\"wpforms-188346-field_1\" class=\"wpforms-field-name-first wpforms-field-required\" name=\"wpforms[fields][1][first]\" required><label for=\"wpforms-188346-field_1\" class=\"wpforms-field-sublabel after\">First<\/label><\/div><div class=\"wpforms-field-row-block wpforms-one-half\"><input type=\"text\" id=\"wpforms-188346-field_1-last\" class=\"wpforms-field-name-last wpforms-field-required\" name=\"wpforms[fields][1][last]\" required><label for=\"wpforms-188346-field_1-last\" class=\"wpforms-field-sublabel after\">Last<\/label><\/div><\/div><\/div><div id=\"wpforms-188346-field_3-container\" class=\"wpforms-field wpforms-field-text\" data-field-id=\"3\"><label class=\"wpforms-field-label\" for=\"wpforms-188346-field_3\">Strasse \/ Nr.  <span class=\"wpforms-required-label\">*<\/span><\/label><input type=\"text\" id=\"wpforms-188346-field_3\" class=\"wpforms-field-medium wpforms-field-required\" name=\"wpforms[fields][3]\" required><\/div><div id=\"wpforms-188346-field_4-container\" class=\"wpforms-field wpforms-field-text\" data-field-id=\"4\"><label class=\"wpforms-field-label\" for=\"wpforms-188346-field_4\">PLZ \/ Ort <span class=\"wpforms-required-label\">*<\/span><\/label><input type=\"text\" id=\"wpforms-188346-field_4\" class=\"wpforms-field-medium wpforms-field-required\" name=\"wpforms[fields][4]\" required><\/div><div id=\"wpforms-188346-field_2-container\" class=\"wpforms-field wpforms-field-email\" data-field-id=\"2\"><label class=\"wpforms-field-label\" for=\"wpforms-188346-field_2\">Email <span class=\"wpforms-required-label\">*<\/span><\/label><input type=\"email\" id=\"wpforms-188346-field_2\" class=\"wpforms-field-medium wpforms-field-required\" name=\"wpforms[fields][2]\" spellcheck=\"false\" required><\/div><div id=\"wpforms-188346-field_5-container\" class=\"wpforms-field wpforms-field-gdpr-checkbox\" data-field-id=\"5\"><label class=\"wpforms-field-label\">DSGVO-Einverst\u00e4ndnis <span class=\"wpforms-required-label\">*<\/span><\/label><ul id=\"wpforms-188346-field_5\" class=\"wpforms-field-required\"><li class=\"choice-1\"><input type=\"checkbox\" id=\"wpforms-188346-field_5_1\" name=\"wpforms[fields][5][]\" value=\"Ich willige ein, dass diese Website meine \u00fcbermittelten Informationen speichert, sodass meine Teilnahme registriert werden kann.\" required ><label class=\"wpforms-field-label-inline\" for=\"wpforms-188346-field_5_1\">Ich willige ein, dass diese Website meine \u00fcbermittelten Informationen speichert, sodass meine Teilnahme registriert werden kann.<\/label><\/li><\/ul><\/div><div id=\"wpforms-188346-field_7-container\" class=\"wpforms-field wpforms-field-gdpr-checkbox\" data-field-id=\"7\"><label class=\"wpforms-field-label\">Abonniere den Newsletter  <span class=\"wpforms-required-label\">*<\/span><\/label><ul id=\"wpforms-188346-field_7\" class=\"wpforms-field-required\"><li class=\"choice-1\"><input type=\"checkbox\" id=\"wpforms-188346-field_7_1\" name=\"wpforms[fields][7][]\" value=\"Ich willige ein, k\u00fcnftig per E-Mail \u00fcber Neuigkeiten, Aktionen und Gewinnspiele von thechicadvocate.com informiert zu werden. Diese Einwilligung kann ich jederzeit mit Wirkung f\u00fcr die Zukunft widerrufen.\" required ><label class=\"wpforms-field-label-inline\" for=\"wpforms-188346-field_7_1\">Ich willige ein, k\u00fcnftig per E-Mail \u00fcber Neuigkeiten, Aktionen und Gewinnspiele von thechicadvocate.com informiert zu werden. Diese Einwilligung kann ich jederzeit mit Wirkung f\u00fcr die Zukunft widerrufen.<\/label><\/li><\/ul><\/div><div id=\"wpforms-188346-field_8-container\" class=\"wpforms-field wpforms-field-payment-checkbox\" data-field-id=\"8\"><label class=\"wpforms-field-label\">Marketing Einwilligung M. Asam<\/label><ul id=\"wpforms-188346-field_8\"><li class=\"choice-1\"><input type=\"checkbox\" id=\"wpforms-188346-field_8_1\" class=\"wpforms-payment-price\" data-amount=\"10.00\" name=\"wpforms[fields][8][]\" value=\"1\"  ><label class=\"wpforms-field-label-inline\" for=\"wpforms-188346-field_8_1\">Einwilligung zur Datenweitergabe und werblichen Nutzung durch M. Asam<\/label><\/li><\/ul><div class=\"wpforms-field-description\">Ich willige ein, dass meine im Rahmen dieses Gewinnspiels angegebenen personenbezogenen Daten (insbesondere Name und E-Mail-Adresse) an M. Asam \/ asambeauty weitergegeben und von M. Asam \/ asambeauty zu eigenen Marketing- und Werbezwecken (z. B. per E-Mail) genutzt werden d\u00fcrfen.\n\nDiese Einwilligung kann ich jederzeit mit Wirkung f\u00fcr die Zukunft gegen\u00fcber M. Asam \/ asambeauty widerrufen. Weitere Informationen finde ich in der Datenschutzerkl\u00e4rung von M. Asam \/ asambeauty.\n<\/div><\/div><\/div><!-- .wpforms-field-container --><div class=\"wpforms-submit-container\" ><input type=\"hidden\" name=\"wpforms[id]\" value=\"188346\"><input type=\"hidden\" name=\"page_title\" value=\"\"><input type=\"hidden\" name=\"page_url\" value=\"https:\/\/www.thechicadvocate.com\/en\/wp-json\/wp\/v2\/posts\/188343\"><input type=\"hidden\" name=\"url_referer\" value=\"\"><button type=\"submit\" name=\"wpforms[submit]\" id=\"wpforms-submit-188346\" class=\"wpforms-submit\" data-alt-text=\"Gesendet\" data-submit-text=\"Teilnehmen\" aria-live=\"assertive\" value=\"wpforms-submit\">Teilnehmen<\/button><img loading=\"lazy\" decoding=\"async\" src=\"https:\/\/www.thechicadvocate.com\/wp-content\/plugins\/wpforms\/assets\/images\/submit-spin.svg\" class=\"wpforms-submit-spinner\" style=\"display: none;\" width=\"26\" height=\"26\" alt=\"Loading\"><\/div><\/form><\/div>  <!-- .wpforms-container -->\n<p>&nbsp;<\/p>\n<p><strong>Teilnahmeschluss:<\/strong> 28.02.2026<br \/>\nTeilnahmeberechtigt sind alle Personen mit Wohnsitz in der Schweiz, Deutschland und \u00d6sterreich ab 18 Jahren. Der Rechtsweg ist ausgeschlossen. Keine Barauszahlung.<\/p>\n<p>Die Gewinnerin wird per E-Mail benachrichtigt.<\/p>\n<p>&nbsp;<\/p>\n","protected":false},"excerpt":{"rendered":"<p>Anzeige &nbsp; &nbsp; Es gibt diese Phasen, in denen man in den Spiegel schaut und sich denkt: Meine Haut braucht mehr als nur \u201eein bisschen&hellip;<\/p>\n","protected":false},"author":1,"featured_media":0,"comment_status":"open","ping_status":"closed","sticky":false,"template":"","format":"standard","meta":{"rop_custom_images_group":[],"rop_custom_messages_group":[],"rop_publish_now":"no","rop_publish_now_accounts":{"twitter_3399290067_3399290067":"","facebook_10221460107666098_471073329746331":""},"rop_publish_now_history":[{"account":"twitter_3399290067_3399290067","service":"twitter","timestamp":1771359606,"status":"error"},{"account":"facebook_10221460107666098_471073329746331","service":"facebook","timestamp":1771359606,"status":"error"}],"rop_publish_now_status":"done","footnotes":""},"categories":[11],"tags":[],"class_list":["post-188343","post","type-post","status-publish","format-standard","hentry","category-beauty"],"amp_enabled":true,"_links":{"self":[{"href":"https:\/\/www.thechicadvocate.com\/en\/wp-json\/wp\/v2\/posts\/188343","targetHints":{"allow":["GET"]}}],"collection":[{"href":"https:\/\/www.thechicadvocate.com\/en\/wp-json\/wp\/v2\/posts"}],"about":[{"href":"https:\/\/www.thechicadvocate.com\/en\/wp-json\/wp\/v2\/types\/post"}],"author":[{"embeddable":true,"href":"https:\/\/www.thechicadvocate.com\/en\/wp-json\/wp\/v2\/users\/1"}],"replies":[{"embeddable":true,"href":"https:\/\/www.thechicadvocate.com\/en\/wp-json\/wp\/v2\/comments?post=188343"}],"version-history":[{"count":1,"href":"https:\/\/www.thechicadvocate.com\/en\/wp-json\/wp\/v2\/posts\/188343\/revisions"}],"predecessor-version":[{"id":188365,"href":"https:\/\/www.thechicadvocate.com\/en\/wp-json\/wp\/v2\/posts\/188343\/revisions\/188365"}],"wp:attachment":[{"href":"https:\/\/www.thechicadvocate.com\/en\/wp-json\/wp\/v2\/media?parent=188343"}],"wp:term":[{"taxonomy":"category","embeddable":true,"href":"https:\/\/www.thechicadvocate.com\/en\/wp-json\/wp\/v2\/categories?post=188343"},{"taxonomy":"post_tag","embeddable":true,"href":"https:\/\/www.thechicadvocate.com\/en\/wp-json\/wp\/v2\/tags?post=188343"}],"curies":[{"name":"wp","href":"https:\/\/api.w.org\/{rel}","templated":true}]}}