{"id":153223,"date":"2021-05-28T11:44:08","date_gmt":"2021-05-28T09:44:08","guid":{"rendered":"https:\/\/www.thechicadvocate.com\/?p=153223"},"modified":"2026-07-07T22:03:28","modified_gmt":"2026-07-07T20:03:28","slug":"elegante-looks-fuer-den-fruehling","status":"publish","type":"post","link":"https:\/\/www.thechicadvocate.com\/en\/elegante-looks-fuer-den-fruehling\/","title":{"rendered":"Elegant looks for spring"},"content":{"rendered":"<p><!-- inline-affiliate --><\/p>\n<p><img loading=\"lazy\" decoding=\"async\" class=\"aligncenter size-full wp-image-153217\" src=\"https:\/\/www.thechicadvocate.com\/wp-content\/uploads\/2022\/01\/DSC_0269-min-scaled.jpg\" alt=\"\" width=\"1707\" height=\"2560\" srcset=\"https:\/\/www.thechicadvocate.com\/wp-content\/uploads\/2022\/01\/DSC_0269-min-scaled.jpg 1707w, https:\/\/www.thechicadvocate.com\/wp-content\/uploads\/2022\/01\/DSC_0269-min-300x450.jpg 300w, https:\/\/www.thechicadvocate.com\/wp-content\/uploads\/2022\/01\/DSC_0269-min-1440x2160.jpg 1440w\" sizes=\"auto, (max-width: 1707px) 100vw, 1707px\" \/><\/p>\n<p>&nbsp;<\/p>\n<p><em>Meine Produktempfehlungen dazu findest du <a href=\"https:\/\/www.amazon.de\/s?k=Elegante%20Looks%20f%C3%BCr%20den%20Fr%C3%BChlin&#038;tag=thechicadvo04-21\" rel=\"sponsored noopener nofollow\" target=\"_blank\">auf Amazon<\/a>.<\/em><\/p>\n<p>Der Fr\u00fchling mit seinen bl\u00fchenden Blumen in allen Farben und den erstem w\u00e4rmenden Sonnenstrahlen des Jahres geh\u00f6rt zu meinen Lieblingsjahreszeiten, denn darauf folgt der Sommer. Dennoch ben\u00f6tigt man jeweils noch eine Jacke oder auch ein lang\u00e4rmliges Kleid, da es gerade im Schatten gern mal k\u00fchl ist. Darum geh\u00f6rt mein erster Look zu meinen liebsten. Das stylische Suit-Set passt hier einfach perfekt, denn mit dem Blazer frier ich bestimmt nicht und zugleich kann ich ihn in der Sonne ganz einfach ausziehen.<\/p>\n<p>&nbsp;<\/p>\n<p><img loading=\"lazy\" decoding=\"async\" class=\"aligncenter size-full wp-image-153212\" src=\"https:\/\/www.thechicadvocate.com\/wp-content\/uploads\/2022\/01\/D1A37407-F018-4EFE-B1E0-204C3628079D-min-scaled.jpg\" alt=\"\" width=\"2048\" height=\"2560\" srcset=\"https:\/\/www.thechicadvocate.com\/wp-content\/uploads\/2022\/01\/D1A37407-F018-4EFE-B1E0-204C3628079D-min-scaled.jpg 2048w, https:\/\/www.thechicadvocate.com\/wp-content\/uploads\/2022\/01\/D1A37407-F018-4EFE-B1E0-204C3628079D-min-300x375.jpg 300w, https:\/\/www.thechicadvocate.com\/wp-content\/uploads\/2022\/01\/D1A37407-F018-4EFE-B1E0-204C3628079D-min-1440x1800.jpg 1440w, https:\/\/www.thechicadvocate.com\/wp-content\/uploads\/2022\/01\/D1A37407-F018-4EFE-B1E0-204C3628079D-min-1229x1536.jpg 1229w, https:\/\/www.thechicadvocate.com\/wp-content\/uploads\/2022\/01\/D1A37407-F018-4EFE-B1E0-204C3628079D-min-1638x2048.jpg 1638w, https:\/\/www.thechicadvocate.com\/wp-content\/uploads\/2022\/01\/D1A37407-F018-4EFE-B1E0-204C3628079D-min-800x1000.jpg 800w\" sizes=\"auto, (max-width: 2048px) 100vw, 2048px\" \/><\/p>\n<p>&nbsp;<\/p>\n<p>Pastellfarben geh\u00f6ren zum Fr\u00fchling dazu wie kaum etwas anderes. Entsprechend bin ich ein riesen Fan dieses Kleides. Die \u00c4rmel bestehen aus Spitze und sind daher perfekt f\u00fcr diese Jahreszeit. F\u00fcr eine Portion Parisianchic sorgt die klassische Baskenm\u00fctze. Nun bin ich bereit um beim B\u00e4cker ein frisches Baguett zu holen.<\/p>\n<p>&nbsp;<\/p>\n<p><img loading=\"lazy\" decoding=\"async\" class=\"aligncenter size-full wp-image-153218\" src=\"https:\/\/www.thechicadvocate.com\/wp-content\/uploads\/2022\/01\/DSC_0279-min-scaled.jpg\" alt=\"\" width=\"1707\" height=\"2560\" srcset=\"https:\/\/www.thechicadvocate.com\/wp-content\/uploads\/2022\/01\/DSC_0279-min-scaled.jpg 1707w, https:\/\/www.thechicadvocate.com\/wp-content\/uploads\/2022\/01\/DSC_0279-min-300x450.jpg 300w, https:\/\/www.thechicadvocate.com\/wp-content\/uploads\/2022\/01\/DSC_0279-min-1440x2160.jpg 1440w\" sizes=\"auto, (max-width: 1707px) 100vw, 1707px\" \/><\/p>\n<p>&nbsp;<\/p>\n<p>Neutrals geh\u00f6ren auch im Fr\u00fchling zu meinen Lieblingen. Daher kombiniere ich dieses beige Kleid mit einer coolen Hemdjacke. So wird das ansonsten sehr sexy Kleid schon fast zu einem Casual Look.<\/p>\n<p><!-- affiliate-block --><\/p>\n<div class=\"affiliate-booking-box\" style=\"background:#faf9f7;padding:20px;border-left:4px solid #c4a577;margin:30px 0;border-radius:4px;\">\n<h3 style=\"margin-top:0;color:#2c2c2c;\">\ud83d\udecd\ufe0f Empfehlungen<\/h3>\n<p><a href=\"https:\/\/www.amazon.de\/s?k=Elegante%20Looks%20f%C3%BCr%20den%20Fr%C3%BChling&#038;tag=thechicadvo04-21\" rel=\"sponsored noopener nofollow\" target=\"_blank\" style=\"background:#ff9900;color:#fff;padding:10px 18px;border-radius:4px;text-decoration:none;display:inline-block;\">\ud83d\uded2 Auf Amazon entdecken<\/a><\/p>\n<p style=\"font-size:12px;color:#888;margin-bottom:0;\">*Affiliate-Link<\/p>\n<\/div>\n","protected":false},"excerpt":{"rendered":"<p>&nbsp; Meine Produktempfehlungen dazu findest du auf Amazon. Der Fr\u00fchling mit seinen&#8230;<\/p>\n","protected":false},"author":1,"featured_media":153217,"comment_status":"closed","ping_status":"closed","sticky":false,"template":"","format":"standard","meta":{"_kad_post_transparent":"","_kad_post_title":"","_kad_post_layout":"","_kad_post_sidebar_id":"","_kad_post_content_style":"","_kad_post_vertical_padding":"","_kad_post_feature":"","_kad_post_feature_position":"","_kad_post_header":false,"_kad_post_footer":false,"_kad_post_classname":"","footnotes":""},"categories":[7],"tags":[147],"class_list":["post-153223","post","type-post","status-publish","format-standard","has-post-thumbnail","hentry","category-fashion","tag-fashion"],"_links":{"self":[{"href":"https:\/\/www.thechicadvocate.com\/en\/wp-json\/wp\/v2\/posts\/153223","targetHints":{"allow":["GET"]}}],"collection":[{"href":"https:\/\/www.thechicadvocate.com\/en\/wp-json\/wp\/v2\/posts"}],"about":[{"href":"https:\/\/www.thechicadvocate.com\/en\/wp-json\/wp\/v2\/types\/post"}],"author":[{"embeddable":true,"href":"https:\/\/www.thechicadvocate.com\/en\/wp-json\/wp\/v2\/users\/1"}],"replies":[{"embeddable":true,"href":"https:\/\/www.thechicadvocate.com\/en\/wp-json\/wp\/v2\/comments?post=153223"}],"version-history":[{"count":3,"href":"https:\/\/www.thechicadvocate.com\/en\/wp-json\/wp\/v2\/posts\/153223\/revisions"}],"predecessor-version":[{"id":190010,"href":"https:\/\/www.thechicadvocate.com\/en\/wp-json\/wp\/v2\/posts\/153223\/revisions\/190010"}],"wp:featuredmedia":[{"embeddable":true,"href":"https:\/\/www.thechicadvocate.com\/en\/wp-json\/wp\/v2\/media\/153217"}],"wp:attachment":[{"href":"https:\/\/www.thechicadvocate.com\/en\/wp-json\/wp\/v2\/media?parent=153223"}],"wp:term":[{"taxonomy":"category","embeddable":true,"href":"https:\/\/www.thechicadvocate.com\/en\/wp-json\/wp\/v2\/categories?post=153223"},{"taxonomy":"post_tag","embeddable":true,"href":"https:\/\/www.thechicadvocate.com\/en\/wp-json\/wp\/v2\/tags?post=153223"}],"curies":[{"name":"wp","href":"https:\/\/api.w.org\/{rel}","templated":true}]}}